{"id":9879,"date":"2025-01-17T11:46:44","date_gmt":"2025-01-17T08:46:44","guid":{"rendered":"https:\/\/www.egemtv.com\/?p=9879"},"modified":"2025-01-17T11:46:47","modified_gmt":"2025-01-17T08:46:47","slug":"baskan-cercioglu-sokenin-yollarini-yeniliyor","status":"publish","type":"post","link":"https:\/\/www.egemtv.com\/?p=9879","title":{"rendered":"Ba\u015fkan \u00c7er\u00e7io\u011flu S\u00f6ke\u2019nin yollar\u0131n\u0131 yeniliyor"},"content":{"rendered":"<p>Ayd\u0131n B\u00fcy\u00fck\u015fehir Belediyesi, kent genelinde vatanda\u015flar i\u00e7in daha g\u00fcvenli ve konforlu yollar olu\u015fturmaya devam ediyor. Yat\u0131r\u0131mlar\u0131na her ge\u00e7en g\u00fcn bir yenisini daha ekleyen B\u00fcy\u00fck\u015fehir Belediyesi, S\u00f6ke il\u00e7esinde yol yenileme \u00e7al\u0131\u015fmas\u0131 ger\u00e7ekle\u015ftiriyor.<\/p>\n<p>Ayd\u0131n Su ve Kanalizasyon \u0130daresi Genel M\u00fcd\u00fcrl\u00fc\u011f\u00fc (ASK\u0130) ekipleri taraf\u0131ndan ger\u00e7ekle\u015ftirilen kanalizasyon \u00e7al\u0131\u015fmalar\u0131n\u0131n tamamlanmas\u0131yla faaliyetlerine ba\u015flayan Fen \u0130\u015fleri Dairesi Ba\u015fkanl\u0131\u011f\u0131 Yol Yap\u0131m ve Bak\u0131m \u015eube M\u00fcd\u00fcrl\u00fc\u011f\u00fc ekipleri, Savuca Mahallesi\u2019nde bulunan \u0130n\u00f6n\u00fc Caddesi ile Atat\u00fcrk Caddesi\u2019nde s\u00fcrd\u00fcrd\u00fckleri kaz\u0131 \u00e7al\u0131\u015fmalar\u0131n\u0131n ard\u0131ndan s\u0131cak asfalt serimini tamamlayacak. Asfalt seriminin ard\u0131ndan daha konforlu ve g\u00fcvenli s\u00fcr\u00fc\u015f i\u00e7in \u00e7izgi ve logolama \u00e7al\u0131\u015fmalar\u0131 yap\u0131lacak caddeler, yenilenen halleri ile vatanda\u015flar\u0131n hizmetine sunulacak.<\/p>\n<p>Ayd\u0131n\u2019\u0131n her noktas\u0131nda yol yenileme ve yap\u0131m \u00e7al\u0131\u015fmalar\u0131n s\u00fcrece\u011fini belirten Ayd\u0131n B\u00fcy\u00fck\u015fehir Belediye Ba\u015fkan\u0131 \u00d6zlem \u00c7er\u00e7io\u011flu, \u201cEkiplerimiz kentimizin d\u00f6rt bir yan\u0131nda yol yap\u0131m ve yenileme \u00e7al\u0131\u015fmalar\u0131na devam ediyor. Vatanda\u015flar\u0131m\u0131z\u0131n en iyiyi hak etti\u011fini bilerek \u00e7al\u0131\u015fmalar\u0131m\u0131za devam edece\u011fiz\u201d dedi.<\/p>\n<p>Vatanda\u015flardan Ba\u015fkan \u00c7er\u00e7io\u011flu\u2019na hizmet te\u015fekk\u00fcr\u00fc<br \/>\n<br \/>Vatanda\u015flar, yap\u0131lan hizmetlerden olduk\u00e7a memnun olduklar\u0131n\u0131 belirtti ve h\u0131zl\u0131, planl\u0131 ve koordineli bir \u015fekilde s\u00fcrd\u00fcr\u00fclen \u00e7al\u0131\u015fmalar i\u00e7in Ba\u015fkan \u00c7er\u00e7io\u011flu\u2019na te\u015fekk\u00fcr etti.<br \/><\/p>\n","protected":false},"excerpt":{"rendered":"<p>Ayd\u0131n B\u00fcy\u00fck\u015fehir Belediyesi, kent genelinde vatanda\u015flar i\u00e7in daha g\u00fcvenli ve konforlu yollar olu\u015fturmaya devam ediyor. Yat\u0131r\u0131mlar\u0131na her ge\u00e7en g\u00fcn bir yenisini daha ekleyen B\u00fcy\u00fck\u015fehir Belediyesi, S\u00f6ke il\u00e7esinde yol yenileme \u00e7al\u0131\u015fmas\u0131 ger\u00e7ekle\u015ftiriyor. Ayd\u0131n Su ve Kanalizasyon \u0130daresi Genel M\u00fcd\u00fcrl\u00fc\u011f\u00fc (ASK\u0130) ekipleri taraf\u0131ndan ger\u00e7ekle\u015ftirilen kanalizasyon \u00e7al\u0131\u015fmalar\u0131n\u0131n tamamlanmas\u0131yla faaliyetlerine ba\u015flayan Fen \u0130\u015fleri Dairesi Ba\u015fkanl\u0131\u011f\u0131 Yol Yap\u0131m ve Bak\u0131m&#8230;<\/p>\n","protected":false},"author":1,"featured_media":9880,"comment_status":"open","ping_status":"open","sticky":false,"template":"","format":"standard","meta":{"_crdt_document":"","footnotes":""},"categories":[1],"tags":[],"class_list":["post-9879","post","type-post","status-publish","format-standard","has-post-thumbnail","hentry","category-guncel"],"_links":{"self":[{"href":"https:\/\/www.egemtv.com\/index.php?rest_route=\/wp\/v2\/posts\/9879","targetHints":{"allow":["GET"]}}],"collection":[{"href":"https:\/\/www.egemtv.com\/index.php?rest_route=\/wp\/v2\/posts"}],"about":[{"href":"https:\/\/www.egemtv.com\/index.php?rest_route=\/wp\/v2\/types\/post"}],"author":[{"embeddable":true,"href":"https:\/\/www.egemtv.com\/index.php?rest_route=\/wp\/v2\/users\/1"}],"replies":[{"embeddable":true,"href":"https:\/\/www.egemtv.com\/index.php?rest_route=%2Fwp%2Fv2%2Fcomments&post=9879"}],"version-history":[{"count":1,"href":"https:\/\/www.egemtv.com\/index.php?rest_route=\/wp\/v2\/posts\/9879\/revisions"}],"predecessor-version":[{"id":9881,"href":"https:\/\/www.egemtv.com\/index.php?rest_route=\/wp\/v2\/posts\/9879\/revisions\/9881"}],"wp:featuredmedia":[{"embeddable":true,"href":"https:\/\/www.egemtv.com\/index.php?rest_route=\/wp\/v2\/media\/9880"}],"wp:attachment":[{"href":"https:\/\/www.egemtv.com\/index.php?rest_route=%2Fwp%2Fv2%2Fmedia&parent=9879"}],"wp:term":[{"taxonomy":"category","embeddable":true,"href":"https:\/\/www.egemtv.com\/index.php?rest_route=%2Fwp%2Fv2%2Fcategories&post=9879"},{"taxonomy":"post_tag","embeddable":true,"href":"https:\/\/www.egemtv.com\/index.php?rest_route=%2Fwp%2Fv2%2Ftags&post=9879"}],"curies":[{"name":"wp","href":"https:\/\/api.w.org\/{rel}","templated":true}]}}