{"id":9834,"date":"2025-01-17T10:28:09","date_gmt":"2025-01-17T07:28:09","guid":{"rendered":"https:\/\/www.egemtv.com\/?p=9834"},"modified":"2025-01-17T10:28:11","modified_gmt":"2025-01-17T07:28:11","slug":"odevleri-kaldirip-tatilleri-uzatan-minik-bakandan-ogretmenlere-ikramiye-ve-5-yildizli-otel-vaadi","status":"publish","type":"post","link":"https:\/\/www.egemtv.com\/?p=9834","title":{"rendered":"\u00d6devleri kald\u0131r\u0131p tatilleri uzatan minik bakandan \u00f6\u011fretmenlere ikramiye ve 5 y\u0131ld\u0131zl\u0131 otel vaadi"},"content":{"rendered":"<p>Denizli\u2019de bir okulda d\u00fczenlenen \u201cMilli E\u011fitim Bakan\u0131 olsayd\u0131n\u0131z neler yapard\u0131n\u0131z\u201d konulu hitabet yar\u0131\u015fmas\u0131n\u0131n birincisi olan 10 ya\u015f\u0131ndaki Egehan, \u00f6zg\u00fcveni ve vaatleriyle kendine hayran b\u0131rakt\u0131. Arkada\u015flar\u0131na tablet, uzun tatil ve \u00f6devleri kald\u0131rma vaadi veren minik Bakan, \u00f6\u011fretmenlerini de ikramiye ve 5 y\u0131ld\u0131zl\u0131 otelde tatil ile unutmad\u0131.<br \/>\n<br \/>Denizli\u2019nin \u00c7al il\u00e7esinde d\u00fczenlenen D\u00f6nem Sonu Faaliyet Haftas\u0131 etkinlikleri hem \u00f6\u011frenciler hem de veliler taraf\u0131ndan b\u00fcy\u00fck bir heyecanla takip edildi. Etkinliklerle karne \u00f6ncesinde \u00f6\u011frencilere hem e\u011flenceli hem de \u00f6\u011fretici bir ara sunmay\u0131 ama\u00e7lad\u0131. Bu kapsamda \u00c7al Gazi \u0130lkokulu\u2019nda d\u00fczenlenen \u201cMilli E\u011fitim Bakan\u0131 olsayd\u0131n\u0131z neler yapard\u0131n\u0131z?\u201d konulu hitabet yar\u0131\u015fmas\u0131, etkinli\u011fin en ilgi \u00e7ekici b\u00f6l\u00fcmlerinden biri oldu. S\u0131n\u0131flar\u0131nda birinci olan \u00f6\u011frenciler, sahnede yenilik\u00e7i fikirlerini payla\u015f\u0131rken \u00f6zg\u00fcvenleriyle g\u00f6z doldurdu.<br \/>\n<br \/>Yar\u0131\u015fman\u0131n en dikkat \u00e7eken ismi, 4. s\u0131n\u0131f \u00f6\u011frencisi 10 ya\u015f\u0131ndaki Egehan \u00c7omak oldu. G\u00fc\u00e7l\u00fc hitabeti ve s\u0131ra d\u0131\u015f\u0131 vaatleriyle okul bah\u00e7esinde \u00f6\u011frenci, \u00f6\u011fretmen ve velilerden b\u00fcy\u00fck alk\u0131\u015f alan Egehan, konu\u015fmas\u0131yla izleyicileri hem g\u00fcld\u00fcrd\u00fc hem d\u00fc\u015f\u00fcnd\u00fcrd\u00fc.<br \/>\n<br \/>Egehan \u00c7omak, eline mikrofonu alarak yapt\u0131\u011f\u0131 konu\u015fmas\u0131nda hem e\u011flenceli hem de iddial\u0131 vaatlerini \u015f\u00f6yle s\u0131ralad\u0131:<br \/>\n<br \/>&#8220;Sayg\u0131de\u011fer \u00f6\u011fretmenlerim, sevgili \u00f6\u011frenciler; ben Milli E\u011fitim Bakan\u0131 Egehan \u00c7omak, Ankara\u2019dan \u00c7al il\u00e7esini ziyaret etmeye geldim. Gezdim, \u00c7al karas\u0131 \u00fcz\u00fcm\u00fcnden yedim. \u00c7ok g\u00fczel, siz de yiyin tamam m\u0131? Ankara\u2019dan elim bo\u015f gelmedim. Her \u00f6\u011frenciye bir adet tablet hediye edece\u011fim. Her s\u0131n\u0131fa hologram getirece\u011fim. Tatil g\u00fcnlerini uzataca\u011f\u0131m ve \u00f6devleri kald\u0131raca\u011f\u0131m. De\u011ferli \u00f6\u011fretmenler, sizi de unutmad\u0131m. \u00d6\u011fretmenler G\u00fcn\u00fc\u2019nde her \u00f6\u011fretmene 1 maa\u015f ikramiye ve 5 y\u0131ld\u0131zl\u0131 otelde 3 g\u00fcn tatil hediye ediyorum. Say\u0131n Okul M\u00fcd\u00fcr\u00fc Mehmet Buldanl\u0131, okulumuzu g\u00fczelle\u015ftirdi\u011finiz i\u00e7in size de \u00e7ok te\u015fekk\u00fcr ediyorum&#8221; dedi.<br \/>\n<br \/>Egehan\u2019\u0131n bu etkileyici konu\u015fmas\u0131, okul bah\u00e7esinde b\u00fcy\u00fck alk\u0131\u015f al\u0131rken \u00f6\u011fretmenler taraf\u0131ndan da takdirle kar\u015f\u0131land\u0131. \u00c7al Gazi \u0130lkokulu M\u00fcd\u00fcr\u00fc Mehmet Buldanl\u0131, etkinli\u011fe kat\u0131lan t\u00fcm \u00f6\u011frencilere ve onlar\u0131 destekleyen velilere te\u015fekk\u00fcr ederek, \u201cBu t\u00fcr etkinlikler, \u00f6\u011frencilerimizin kendilerini ifade etmelerine ve \u00f6zg\u00fcven kazanmalar\u0131na b\u00fcy\u00fck katk\u0131 sa\u011fl\u0131yor\u201d dedi.<br \/><\/p>\n","protected":false},"excerpt":{"rendered":"<p>Denizli\u2019de bir okulda d\u00fczenlenen \u201cMilli E\u011fitim Bakan\u0131 olsayd\u0131n\u0131z neler yapard\u0131n\u0131z\u201d konulu hitabet yar\u0131\u015fmas\u0131n\u0131n birincisi olan 10 ya\u015f\u0131ndaki Egehan, \u00f6zg\u00fcveni ve vaatleriyle kendine hayran b\u0131rakt\u0131. Arkada\u015flar\u0131na tablet, uzun tatil ve \u00f6devleri kald\u0131rma vaadi veren minik Bakan, \u00f6\u011fretmenlerini de ikramiye ve 5 y\u0131ld\u0131zl\u0131 otelde tatil ile unutmad\u0131. Denizli\u2019nin \u00c7al il\u00e7esinde d\u00fczenlenen D\u00f6nem Sonu Faaliyet Haftas\u0131 etkinlikleri hem&#8230;<\/p>\n","protected":false},"author":1,"featured_media":9835,"comment_status":"open","ping_status":"open","sticky":false,"template":"","format":"standard","meta":{"_crdt_document":"","footnotes":""},"categories":[1],"tags":[],"class_list":["post-9834","post","type-post","status-publish","format-standard","has-post-thumbnail","hentry","category-guncel"],"_links":{"self":[{"href":"https:\/\/www.egemtv.com\/index.php?rest_route=\/wp\/v2\/posts\/9834","targetHints":{"allow":["GET"]}}],"collection":[{"href":"https:\/\/www.egemtv.com\/index.php?rest_route=\/wp\/v2\/posts"}],"about":[{"href":"https:\/\/www.egemtv.com\/index.php?rest_route=\/wp\/v2\/types\/post"}],"author":[{"embeddable":true,"href":"https:\/\/www.egemtv.com\/index.php?rest_route=\/wp\/v2\/users\/1"}],"replies":[{"embeddable":true,"href":"https:\/\/www.egemtv.com\/index.php?rest_route=%2Fwp%2Fv2%2Fcomments&post=9834"}],"version-history":[{"count":1,"href":"https:\/\/www.egemtv.com\/index.php?rest_route=\/wp\/v2\/posts\/9834\/revisions"}],"predecessor-version":[{"id":9836,"href":"https:\/\/www.egemtv.com\/index.php?rest_route=\/wp\/v2\/posts\/9834\/revisions\/9836"}],"wp:featuredmedia":[{"embeddable":true,"href":"https:\/\/www.egemtv.com\/index.php?rest_route=\/wp\/v2\/media\/9835"}],"wp:attachment":[{"href":"https:\/\/www.egemtv.com\/index.php?rest_route=%2Fwp%2Fv2%2Fmedia&parent=9834"}],"wp:term":[{"taxonomy":"category","embeddable":true,"href":"https:\/\/www.egemtv.com\/index.php?rest_route=%2Fwp%2Fv2%2Fcategories&post=9834"},{"taxonomy":"post_tag","embeddable":true,"href":"https:\/\/www.egemtv.com\/index.php?rest_route=%2Fwp%2Fv2%2Ftags&post=9834"}],"curies":[{"name":"wp","href":"https:\/\/api.w.org\/{rel}","templated":true}]}}