{"id":9831,"date":"2025-01-17T10:26:39","date_gmt":"2025-01-17T07:26:39","guid":{"rendered":"https:\/\/www.egemtv.com\/?p=9831"},"modified":"2025-01-17T10:26:41","modified_gmt":"2025-01-17T07:26:41","slug":"hem-sagligi-hem-de-sosyal-hayati-olumsuz-etkileyen-agiz-kokusu-sorununa-karsi-uzmanlardan-uyari","status":"publish","type":"post","link":"https:\/\/www.egemtv.com\/?p=9831","title":{"rendered":"Hem sa\u011fl\u0131\u011f\u0131 hem de sosyal hayat\u0131 olumsuz etkileyen \u2018a\u011f\u0131z kokusu\u2019 sorununa kar\u015f\u0131 uzmanlardan uyar\u0131"},"content":{"rendered":"<p>\u00d6zel CNG Di\u015f Klini\u011fi hekimlerinden Dt. O\u011fuz Selim Yard\u0131mc\u0131 kad\u0131n erkek ve ya\u015f s\u0131n\u0131r\u0131 olmaks\u0131z\u0131n insanlar\u0131n sa\u011fl\u0131\u011f\u0131n\u0131 ve sosyal hayat\u0131n\u0131 ciddi derecede olumsuz etkileyen a\u011f\u0131z kokusunun bir \u00e7ok nedeni oldu\u011funu ancak bu sorunun ar\u0131k \u00e7\u00f6z\u00fcms\u00fcz olmad\u0131\u011f\u0131n\u0131 belirtti.<br \/>\n<br \/>\u0130nsanlar\u0131 adeta toplumdan soyutlayan a\u011f\u0131z kokusunun di\u015f rahats\u0131zl\u0131klar\u0131n\u0131n yan\u0131nda a\u00e7l\u0131k, b\u00f6brek yetmezli\u011fi, diyabet, karaci\u011fer, mide ve bademcik rahats\u0131zl\u0131klar\u0131ndan kaynaklanabildi\u011fini belirten Dt. O\u011fuz Selim Yard\u0131mc\u0131 a\u011f\u0131z kokusu hakk\u0131nda bilgiler verdi. Sosyal hayat\u0131n yan\u0131nda aile i\u00e7i ili\u015fkileri hatta cinsel ya\u015fam\u0131 bile ciddi derecede s\u0131k\u0131nt\u0131ya sokan bu sorunun en \u00f6nemli nedeninin a\u011f\u0131zdaki bakteriler oldu\u011funu kaydeden Yard\u0131mc\u0131 \u201dBu bakterilerin art\u0131klar\u0131 olan s\u00fclf\u00fcrl\u00fc bile\u015fikler k\u00f6t\u00fc kokuya neden olur. Bununla birlikte di\u015f \u00e7\u00fcr\u00fckleri, di\u015feti hastal\u0131klar\u0131, eski protezler gibi fakt\u00f6rleri de a\u011f\u0131z kokusunun sebeplerindendir. Di\u015fler a\u011fz\u0131n yakla\u015f\u0131k olarak y\u00fczde 25\u2019ini kaplar. Di\u015flerimizi f\u0131r\u00e7alasak bile bakteri pla\u011f\u0131n\u0131 tam olarak temizleyemeyiz. Bu nedenle di\u015f ipi ve di\u015f f\u0131r\u00e7as\u0131 kullan\u0131m\u0131n\u0131n yan\u0131nda a\u011f\u0131z gargaralar\u0131 da a\u011f\u0131z hijyeninde b\u00fcy\u00fck \u00f6nem ta\u015f\u0131maktad\u0131r. Dil y\u00fczeyi olduk\u00e7a p\u00fcr\u00fczl\u00fc yap\u0131dad\u0131r ve bakterilerin ya\u015famas\u0131na elveri\u015fli yap\u0131dad\u0131r o y\u00fczden dil y\u00fczeyini de f\u0131r\u00e7alamay\u0131 unutmamal\u0131y\u0131z. Ayr\u0131ca ileri derecede di\u015feti rahats\u0131zl\u0131\u011f\u0131na sahip olan ki\u015filerde temizlenemeyen alanlar vard\u0131r. Derin di\u015f eti cebi olarak adland\u0131r\u0131lan alanlar da k\u00f6t\u00fc kokuya sebep olabilmektedir. Bu nedenle bu rahats\u0131zl\u0131\u011fa sahip ki\u015filerin en k\u0131sa s\u00fcrede di\u015f hekimine ba\u015fvurmalar\u0131 gerekmektedir. Bununla beraber bol s\u0131v\u0131 t\u00fcketimi, lifli g\u0131da t\u00fcketimi de yarar sa\u011flamaktad\u0131r. D\u00fczenli di\u015f hekimi kontrolleri ile problemler erkenden fark edilip olas\u0131 ciddi sorunlar olu\u015fmadan tedbir al\u0131nmal\u0131d\u0131r\u201d dedi.<br \/>\n<br \/>\u00d6zellikle a\u011f\u0131z kokusu sorununu ya\u015famak istemeyenlerin neler yapmas\u0131 gerekti\u011fine de\u011finen \u00d6zel CNG Di\u015f klini\u011fi hekimi Dt. O\u011fuz Selim Yard\u0131mc\u0131, \u201cDi\u015f problemleri ile ilgili a\u011f\u0131z muayenesi yap\u0131lmas\u0131 gerekmektedir. Koku testi yapt\u0131rmal\u0131y\u0131z. A\u011f\u0131z kokusuna neden olacak g\u00f6m\u00fcl\u00fc ve sorunlu di\u015fler tedavi edilmelidir\u201d dedi.<br \/><\/p>\n","protected":false},"excerpt":{"rendered":"<p>\u00d6zel CNG Di\u015f Klini\u011fi hekimlerinden Dt. O\u011fuz Selim Yard\u0131mc\u0131 kad\u0131n erkek ve ya\u015f s\u0131n\u0131r\u0131 olmaks\u0131z\u0131n insanlar\u0131n sa\u011fl\u0131\u011f\u0131n\u0131 ve sosyal hayat\u0131n\u0131 ciddi derecede olumsuz etkileyen a\u011f\u0131z kokusunun bir \u00e7ok nedeni oldu\u011funu ancak bu sorunun ar\u0131k \u00e7\u00f6z\u00fcms\u00fcz olmad\u0131\u011f\u0131n\u0131 belirtti. \u0130nsanlar\u0131 adeta toplumdan soyutlayan a\u011f\u0131z kokusunun di\u015f rahats\u0131zl\u0131klar\u0131n\u0131n yan\u0131nda a\u00e7l\u0131k, b\u00f6brek yetmezli\u011fi, diyabet, karaci\u011fer, mide ve bademcik rahats\u0131zl\u0131klar\u0131ndan&#8230;<\/p>\n","protected":false},"author":1,"featured_media":9832,"comment_status":"open","ping_status":"open","sticky":false,"template":"","format":"standard","meta":{"_crdt_document":"","footnotes":""},"categories":[2],"tags":[],"class_list":["post-9831","post","type-post","status-publish","format-standard","has-post-thumbnail","hentry","category-saglik"],"_links":{"self":[{"href":"https:\/\/www.egemtv.com\/index.php?rest_route=\/wp\/v2\/posts\/9831","targetHints":{"allow":["GET"]}}],"collection":[{"href":"https:\/\/www.egemtv.com\/index.php?rest_route=\/wp\/v2\/posts"}],"about":[{"href":"https:\/\/www.egemtv.com\/index.php?rest_route=\/wp\/v2\/types\/post"}],"author":[{"embeddable":true,"href":"https:\/\/www.egemtv.com\/index.php?rest_route=\/wp\/v2\/users\/1"}],"replies":[{"embeddable":true,"href":"https:\/\/www.egemtv.com\/index.php?rest_route=%2Fwp%2Fv2%2Fcomments&post=9831"}],"version-history":[{"count":1,"href":"https:\/\/www.egemtv.com\/index.php?rest_route=\/wp\/v2\/posts\/9831\/revisions"}],"predecessor-version":[{"id":9833,"href":"https:\/\/www.egemtv.com\/index.php?rest_route=\/wp\/v2\/posts\/9831\/revisions\/9833"}],"wp:featuredmedia":[{"embeddable":true,"href":"https:\/\/www.egemtv.com\/index.php?rest_route=\/wp\/v2\/media\/9832"}],"wp:attachment":[{"href":"https:\/\/www.egemtv.com\/index.php?rest_route=%2Fwp%2Fv2%2Fmedia&parent=9831"}],"wp:term":[{"taxonomy":"category","embeddable":true,"href":"https:\/\/www.egemtv.com\/index.php?rest_route=%2Fwp%2Fv2%2Fcategories&post=9831"},{"taxonomy":"post_tag","embeddable":true,"href":"https:\/\/www.egemtv.com\/index.php?rest_route=%2Fwp%2Fv2%2Ftags&post=9831"}],"curies":[{"name":"wp","href":"https:\/\/api.w.org\/{rel}","templated":true}]}}