{"id":9828,"date":"2025-01-17T10:22:45","date_gmt":"2025-01-17T07:22:45","guid":{"rendered":"https:\/\/www.egemtv.com\/?p=9828"},"modified":"2025-01-17T10:22:47","modified_gmt":"2025-01-17T07:22:47","slug":"izmirde-is-yerine-kursun-yagdiran-supheliler-yakalandi","status":"publish","type":"post","link":"https:\/\/www.egemtv.com\/?p=9828","title":{"rendered":"\u0130zmir\u2019de i\u015f yerine kur\u015fun ya\u011fd\u0131ran \u015f\u00fcpheliler yakaland\u0131"},"content":{"rendered":"<p>\u0130zmir\u2019in Karaba\u011flar il\u00e7esinde bir i\u015f yerine kur\u015fun ya\u011fd\u0131ran \u015f\u00fcpheliler, kameralar taraf\u0131ndan g\u00f6r\u00fcnt\u00fclenerek yakaland\u0131. Adliyeye sevk edilen 3 \u015f\u00fcpheli de tutukland\u0131.<br \/>\n<br \/>Karaba\u011flar il\u00e7esi Ye\u015fillik Caddesi\u2019nde bulunan \u00dc.C.\u2019ye (42) ait bir i\u015f yerinin, 20 Aral\u0131k g\u00fcn\u00fc kur\u015funlanmas\u0131 \u00fczerine i\u015f yeri tabelas\u0131 isabet alarak zarar g\u00f6rd\u00fc. Olay\u0131n ard\u0131ndan \u0130zmir Asayi\u015f \u015eube M\u00fcd\u00fcrl\u00fc\u011f\u00fcne ba\u011fl\u0131 Gasp B\u00fcro Amirli\u011fi ve Su\u00e7 Analiz Merkezi (SAM) B\u00fcro Amirli\u011fi ile \u0130stihbarat \u015eube M\u00fcd\u00fcrl\u00fc\u011f\u00fc g\u00f6revlileri \u00e7al\u0131\u015fma ba\u015flatt\u0131. \u0130\u015f yeri ve \u00e7evresindeki kameralar\u0131 inceleyen polis, olay\u0131 ger\u00e7ekle\u015ftiren \u015f\u00fcphelilerin S.\u00dc. (29), U.H. (23) ve C.Y. (39) oldu\u011funu tespit etti.<br \/>\n<br \/>15 Ocak g\u00fcn\u00fc \u015f\u00fcphelilerin adreslerine ger\u00e7ekle\u015ftirilen e\u015f zamanl\u0131 operasyonda 3 sald\u0131rgan da g\u00f6zalt\u0131na al\u0131nd\u0131. Emniyetteki i\u015flemlerin ard\u0131ndan adliyeye sevk edilen \u015f\u00fcpheliler, \u00e7\u0131kar\u0131ld\u0131klar\u0131 mahkemece tutukland\u0131.<br \/><\/p>\n","protected":false},"excerpt":{"rendered":"<p>\u0130zmir\u2019in Karaba\u011flar il\u00e7esinde bir i\u015f yerine kur\u015fun ya\u011fd\u0131ran \u015f\u00fcpheliler, kameralar taraf\u0131ndan g\u00f6r\u00fcnt\u00fclenerek yakaland\u0131. Adliyeye sevk edilen 3 \u015f\u00fcpheli de tutukland\u0131. Karaba\u011flar il\u00e7esi Ye\u015fillik Caddesi\u2019nde bulunan \u00dc.C.\u2019ye (42) ait bir i\u015f yerinin, 20 Aral\u0131k g\u00fcn\u00fc kur\u015funlanmas\u0131 \u00fczerine i\u015f yeri tabelas\u0131 isabet alarak zarar g\u00f6rd\u00fc. Olay\u0131n ard\u0131ndan \u0130zmir Asayi\u015f \u015eube M\u00fcd\u00fcrl\u00fc\u011f\u00fcne ba\u011fl\u0131 Gasp B\u00fcro Amirli\u011fi ve Su\u00e7&#8230;<\/p>\n","protected":false},"author":1,"featured_media":9829,"comment_status":"open","ping_status":"open","sticky":false,"template":"","format":"standard","meta":{"_crdt_document":"","footnotes":""},"categories":[5],"tags":[],"class_list":["post-9828","post","type-post","status-publish","format-standard","has-post-thumbnail","hentry","category-asayis"],"_links":{"self":[{"href":"https:\/\/www.egemtv.com\/index.php?rest_route=\/wp\/v2\/posts\/9828","targetHints":{"allow":["GET"]}}],"collection":[{"href":"https:\/\/www.egemtv.com\/index.php?rest_route=\/wp\/v2\/posts"}],"about":[{"href":"https:\/\/www.egemtv.com\/index.php?rest_route=\/wp\/v2\/types\/post"}],"author":[{"embeddable":true,"href":"https:\/\/www.egemtv.com\/index.php?rest_route=\/wp\/v2\/users\/1"}],"replies":[{"embeddable":true,"href":"https:\/\/www.egemtv.com\/index.php?rest_route=%2Fwp%2Fv2%2Fcomments&post=9828"}],"version-history":[{"count":1,"href":"https:\/\/www.egemtv.com\/index.php?rest_route=\/wp\/v2\/posts\/9828\/revisions"}],"predecessor-version":[{"id":9830,"href":"https:\/\/www.egemtv.com\/index.php?rest_route=\/wp\/v2\/posts\/9828\/revisions\/9830"}],"wp:featuredmedia":[{"embeddable":true,"href":"https:\/\/www.egemtv.com\/index.php?rest_route=\/wp\/v2\/media\/9829"}],"wp:attachment":[{"href":"https:\/\/www.egemtv.com\/index.php?rest_route=%2Fwp%2Fv2%2Fmedia&parent=9828"}],"wp:term":[{"taxonomy":"category","embeddable":true,"href":"https:\/\/www.egemtv.com\/index.php?rest_route=%2Fwp%2Fv2%2Fcategories&post=9828"},{"taxonomy":"post_tag","embeddable":true,"href":"https:\/\/www.egemtv.com\/index.php?rest_route=%2Fwp%2Fv2%2Ftags&post=9828"}],"curies":[{"name":"wp","href":"https:\/\/api.w.org\/{rel}","templated":true}]}}