{"id":9825,"date":"2025-01-17T10:19:21","date_gmt":"2025-01-17T07:19:21","guid":{"rendered":"https:\/\/www.egemtv.com\/?p=9825"},"modified":"2025-01-17T10:19:23","modified_gmt":"2025-01-17T07:19:23","slug":"izmirde-muslum-gurses-hayranlarindan-rasim-ozan-kutahyaliya-tepki-kendisine-yakistiramadik","status":"publish","type":"post","link":"https:\/\/www.egemtv.com\/?p=9825","title":{"rendered":"\u0130zmir\u2019de M\u00fcsl\u00fcm G\u00fcrses hayranlar\u0131ndan Rasim Ozan K\u00fctahyal\u0131\u2019ya tepki: \u201cKendisine yak\u0131\u015ft\u0131ramad\u0131k\u201d"},"content":{"rendered":"<p>\u0130zmir\u2019de usta sanat\u00e7\u0131 M\u00fcsl\u00fcm G\u00fcrses hayranlar\u0131 Futbol yorumcusu Rasim Ozan K\u00fctahyal\u0131\u2019n\u0131n Arabesk m\u00fczi\u011fiyle ilgili yapt\u0131\u011f\u0131 de\u011ferlendirmelere tepki g\u00f6sterdi. Sanat\u00e7\u0131n\u0131n hayranlar\u0131, \u201cKendisine yak\u0131\u015ft\u0131ramad\u0131k. Rasim Ozan K\u00fctahyal\u0131\u2019n\u0131n yapaca\u011f\u0131 bir tek i\u015f futbol yorumculu\u011fudur\u201d ifadelerini kulland\u0131.<br \/>\n<br \/>Futbol yorumcusu Rasim Ozan K\u00fctahyal\u0131, bir televizyon program\u0131nda \u201cArabeskin ilk y\u0131ld\u0131z\u0131 Orhan Gencebay, ikincisi Ferdi Tayfur\u2019dur. M\u00fcsl\u00fcm G\u00fcrses arkadan gelir\u201d ifadelerini kullanm\u0131\u015ft\u0131. K\u00fctahyal\u0131\u2019n\u0131n bu s\u00f6zlerine \u0130zmir\u2019deki M\u00fcsl\u00fcm G\u00fcrses hayranlar\u0131n\u0131n tepkisini \u00e7ekti. Bornova\u2019daki M\u00fcsl\u00fcm G\u00fcrses Ar\u015fiv Evi\u2019nde toplanan sanat\u00e7\u0131n\u0131n hayranlar\u0131ndan kendisini \u2018radikal M\u00fcsl\u00fcmc\u00fc\u2019 olarak tan\u0131tan Mehmet Kara, \u201cArabeskin \u00fc\u00e7 numaras\u0131 Ferdi Tayfur \u00fcstad\u0131 kaybettik. Allah\u2019tan rahmet diliyorum. Ferdi Tayfur ger\u00e7ekten g\u00fczel bir sanat\u00e7\u0131. Fakat Rasim Ozan K\u00fctahyal\u0131, ge\u00e7en hafta \u2018Orhan Gencebay arabeskte birinci s\u0131rada, Ferdi Tayfur da arabeskin babas\u0131\u2019 demi\u015f. Rasim Ozan K\u00fctahyal\u0131\u2019n\u0131n yapaca\u011f\u0131 bir tek i\u015f futbol yorumculu\u011fudur. Ben de soruyorum. 1963 y\u0131l\u0131nda Orhan Gencebay da M\u00fcsl\u00fcm Baba da m\u00fczi\u011fe ba\u015flad\u0131. M\u00fcsl\u00fcm Baba\u2019n\u0131n 1968 senesinde bir par\u00e7as\u0131yla o d\u00f6nemin rekorunu k\u0131rd\u0131\u011f\u0131 zaman Orhan Gencebay ve Ferdi Tayfur diye bir sanat\u00e7\u0131 var m\u0131yd\u0131? M\u00fcsl\u00fcm baba \u00fc\u00e7\u00fcnc\u00fc pla\u011f\u0131n\u0131 \u00e7\u0131kart\u0131yor ve rekoru k\u0131r\u0131yor. Sonra b\u00fcy\u00fck \u00fcstat Orhan Gencebay, T\u00fcrkiye Cumhuriyeti\u2019ne 1971 y\u0131l\u0131nda arabeski getirerek ilk pla\u011f\u0131n\u0131 \u00e7\u0131kart\u0131yor. 1980 y\u0131l\u0131na kadar arabeskin kral\u0131 Orhan Gencebay\u2019d\u0131r. Rasim Ozan K\u00fctahyal\u0131, ezbere konu\u015fmayacaks\u0131n, haddini bileceksin. Sen futbol yorumcususun, git futbolu yorumla. 1980\u2019lerde \u2018Esrarl\u0131 G\u00f6zler\u2019 alb\u00fcm\u00fcyle T\u00fcrk halk\u0131 M\u00fcsl\u00fcm G\u00fcrses\u2019e \u2018baba\u2019 demi\u015f. Yalan\u0131m varsa gel surat\u0131ma t\u00fck\u00fcr\u201d diye konu\u015ftu. \u00d6zay \u00c7ek ise \u201cRasim Ozan K\u00fctahyal\u0131\u2019n\u0131n yapt\u0131\u011f\u0131 r\u00f6portaj biz M\u00fcsl\u00fcmc\u00fcleri \u00fczd\u00fc. Kendisine yak\u0131\u015ft\u0131ramad\u0131k\u201d dedi. Erdo\u011fan \u00c7elik de, \u201cM\u00fcsl\u00fcmc\u00fcler olarak \u00e7ok \u00fcz\u00fcld\u00fck. Arabesk ve M\u00fcsl\u00fcm Baba hakk\u0131nda yorumlar yapm\u0131\u015f. Bunlar bizi \u00e7ok k\u0131rd\u0131\u201d diye konu\u015ftu. Rasim Ozan K\u00fctahyal\u0131\u2019n\u0131n sadece futbolla ilgilenmesini s\u00f6yleyen Serdar \u00c7elik ise, \u201cArabeskten anlam\u0131yor. Bu alemin kral\u0131 M\u00fcsl\u00fcm Baba\u2019d\u0131r. T\u00fcrkiye\u2019nin tek babas\u0131 vard\u0131r. O da M\u00fcsl\u00fcm G\u00fcrses\u2019tir\u201d dedi.<br \/><\/p>\n","protected":false},"excerpt":{"rendered":"<p>\u0130zmir\u2019de usta sanat\u00e7\u0131 M\u00fcsl\u00fcm G\u00fcrses hayranlar\u0131 Futbol yorumcusu Rasim Ozan K\u00fctahyal\u0131\u2019n\u0131n Arabesk m\u00fczi\u011fiyle ilgili yapt\u0131\u011f\u0131 de\u011ferlendirmelere tepki g\u00f6sterdi. Sanat\u00e7\u0131n\u0131n hayranlar\u0131, \u201cKendisine yak\u0131\u015ft\u0131ramad\u0131k. Rasim Ozan K\u00fctahyal\u0131\u2019n\u0131n yapaca\u011f\u0131 bir tek i\u015f futbol yorumculu\u011fudur\u201d ifadelerini kulland\u0131. Futbol yorumcusu Rasim Ozan K\u00fctahyal\u0131, bir televizyon program\u0131nda \u201cArabeskin ilk y\u0131ld\u0131z\u0131 Orhan Gencebay, ikincisi Ferdi Tayfur\u2019dur. M\u00fcsl\u00fcm G\u00fcrses arkadan gelir\u201d ifadelerini kullanm\u0131\u015ft\u0131&#8230;.<\/p>\n","protected":false},"author":1,"featured_media":9826,"comment_status":"open","ping_status":"open","sticky":false,"template":"","format":"standard","meta":{"_crdt_document":"","footnotes":""},"categories":[1],"tags":[],"class_list":["post-9825","post","type-post","status-publish","format-standard","has-post-thumbnail","hentry","category-guncel"],"_links":{"self":[{"href":"https:\/\/www.egemtv.com\/index.php?rest_route=\/wp\/v2\/posts\/9825","targetHints":{"allow":["GET"]}}],"collection":[{"href":"https:\/\/www.egemtv.com\/index.php?rest_route=\/wp\/v2\/posts"}],"about":[{"href":"https:\/\/www.egemtv.com\/index.php?rest_route=\/wp\/v2\/types\/post"}],"author":[{"embeddable":true,"href":"https:\/\/www.egemtv.com\/index.php?rest_route=\/wp\/v2\/users\/1"}],"replies":[{"embeddable":true,"href":"https:\/\/www.egemtv.com\/index.php?rest_route=%2Fwp%2Fv2%2Fcomments&post=9825"}],"version-history":[{"count":1,"href":"https:\/\/www.egemtv.com\/index.php?rest_route=\/wp\/v2\/posts\/9825\/revisions"}],"predecessor-version":[{"id":9827,"href":"https:\/\/www.egemtv.com\/index.php?rest_route=\/wp\/v2\/posts\/9825\/revisions\/9827"}],"wp:featuredmedia":[{"embeddable":true,"href":"https:\/\/www.egemtv.com\/index.php?rest_route=\/wp\/v2\/media\/9826"}],"wp:attachment":[{"href":"https:\/\/www.egemtv.com\/index.php?rest_route=%2Fwp%2Fv2%2Fmedia&parent=9825"}],"wp:term":[{"taxonomy":"category","embeddable":true,"href":"https:\/\/www.egemtv.com\/index.php?rest_route=%2Fwp%2Fv2%2Fcategories&post=9825"},{"taxonomy":"post_tag","embeddable":true,"href":"https:\/\/www.egemtv.com\/index.php?rest_route=%2Fwp%2Fv2%2Ftags&post=9825"}],"curies":[{"name":"wp","href":"https:\/\/api.w.org\/{rel}","templated":true}]}}