{"id":9822,"date":"2025-01-17T10:13:47","date_gmt":"2025-01-17T07:13:47","guid":{"rendered":"https:\/\/www.egemtv.com\/?p=9822"},"modified":"2025-01-17T10:13:48","modified_gmt":"2025-01-17T07:13:48","slug":"universitede-20-ogrenci-zehirlenme-suphesiyle-hastaneye-kaldirildi","status":"publish","type":"post","link":"https:\/\/www.egemtv.com\/?p=9822","title":{"rendered":"\u00dcniversitede 20 \u00f6\u011frenci zehirlenme \u015f\u00fcphesiyle hastaneye kald\u0131r\u0131ld\u0131"},"content":{"rendered":"<p>Ayd\u0131n Adnan Menderes \u00dcniversitesi (AD\u00dc) i\u00e7erisinde yer alan \u00f6\u011frenci yurdundaki 20\u2019ye yak\u0131n k\u0131z \u00f6\u011frenci zehirlenme \u015f\u00fcphesiyle hastaneye kald\u0131r\u0131l\u0131rken, yurdun yemeklerinden numune al\u0131nd\u0131\u011f\u0131 \u00f6\u011frenildi.<\/p>\n<p>Ayd\u0131n\u2019da AD\u00dc kamp\u00fcs i\u00e7erisinde bulunan Berrin Menderes K\u0131z \u00d6\u011frenci Yurdu\u2019nda kalan 20 \u00fcniversite \u00f6\u011frencisi, mide bulant\u0131s\u0131 \u015fikayetiyle hastaneye kald\u0131r\u0131ld\u0131. \u00d6\u011frenciler, d\u0131\u015far\u0131da veya yurtta yedikleri bir yiyecekten zehirlenmi\u015f olabilecekleri \u015f\u00fcphesiyle tedaviye al\u0131n\u0131rken, yurdun yemeklerinden \u0130l Tar\u0131m ve Orman M\u00fcd\u00fcrl\u00fc\u011f\u00fc\u2019nce numune al\u0131m\u0131 yap\u0131ld\u0131. Olay\u0131n duyulmas\u0131n\u0131n ard\u0131ndan di\u011fer \u00f6\u011frenci yurtlar\u0131ndan da baz\u0131 \u00f6\u011frencilerin kendi imkanlar\u0131yla ayn\u0131 \u015fikayetle hastaneye gittikleri \u00f6\u011frenilirken, \u015fu ana kadar tedavisi tamamlanan 8 \u00f6\u011frencinin taburcu edildi\u011fi bilgisine ula\u015f\u0131ld\u0131. \u00dcniversite \u00f6\u011frencilerinin yedikleri bir yiyecekten mi zehirlendiklerinin belirlenmesi i\u00e7in inceleme ba\u015flat\u0131ld\u0131.<br \/><\/p>\n","protected":false},"excerpt":{"rendered":"<p>Ayd\u0131n Adnan Menderes \u00dcniversitesi (AD\u00dc) i\u00e7erisinde yer alan \u00f6\u011frenci yurdundaki 20\u2019ye yak\u0131n k\u0131z \u00f6\u011frenci zehirlenme \u015f\u00fcphesiyle hastaneye kald\u0131r\u0131l\u0131rken, yurdun yemeklerinden numune al\u0131nd\u0131\u011f\u0131 \u00f6\u011frenildi. Ayd\u0131n\u2019da AD\u00dc kamp\u00fcs i\u00e7erisinde bulunan Berrin Menderes K\u0131z \u00d6\u011frenci Yurdu\u2019nda kalan 20 \u00fcniversite \u00f6\u011frencisi, mide bulant\u0131s\u0131 \u015fikayetiyle hastaneye kald\u0131r\u0131ld\u0131. \u00d6\u011frenciler, d\u0131\u015far\u0131da veya yurtta yedikleri bir yiyecekten zehirlenmi\u015f olabilecekleri \u015f\u00fcphesiyle tedaviye al\u0131n\u0131rken, yurdun&#8230;<\/p>\n","protected":false},"author":1,"featured_media":9823,"comment_status":"open","ping_status":"open","sticky":false,"template":"","format":"standard","meta":{"_crdt_document":"","footnotes":""},"categories":[2],"tags":[],"class_list":["post-9822","post","type-post","status-publish","format-standard","has-post-thumbnail","hentry","category-saglik"],"_links":{"self":[{"href":"https:\/\/www.egemtv.com\/index.php?rest_route=\/wp\/v2\/posts\/9822","targetHints":{"allow":["GET"]}}],"collection":[{"href":"https:\/\/www.egemtv.com\/index.php?rest_route=\/wp\/v2\/posts"}],"about":[{"href":"https:\/\/www.egemtv.com\/index.php?rest_route=\/wp\/v2\/types\/post"}],"author":[{"embeddable":true,"href":"https:\/\/www.egemtv.com\/index.php?rest_route=\/wp\/v2\/users\/1"}],"replies":[{"embeddable":true,"href":"https:\/\/www.egemtv.com\/index.php?rest_route=%2Fwp%2Fv2%2Fcomments&post=9822"}],"version-history":[{"count":1,"href":"https:\/\/www.egemtv.com\/index.php?rest_route=\/wp\/v2\/posts\/9822\/revisions"}],"predecessor-version":[{"id":9824,"href":"https:\/\/www.egemtv.com\/index.php?rest_route=\/wp\/v2\/posts\/9822\/revisions\/9824"}],"wp:featuredmedia":[{"embeddable":true,"href":"https:\/\/www.egemtv.com\/index.php?rest_route=\/wp\/v2\/media\/9823"}],"wp:attachment":[{"href":"https:\/\/www.egemtv.com\/index.php?rest_route=%2Fwp%2Fv2%2Fmedia&parent=9822"}],"wp:term":[{"taxonomy":"category","embeddable":true,"href":"https:\/\/www.egemtv.com\/index.php?rest_route=%2Fwp%2Fv2%2Fcategories&post=9822"},{"taxonomy":"post_tag","embeddable":true,"href":"https:\/\/www.egemtv.com\/index.php?rest_route=%2Fwp%2Fv2%2Ftags&post=9822"}],"curies":[{"name":"wp","href":"https:\/\/api.w.org\/{rel}","templated":true}]}}