{"id":9819,"date":"2025-01-17T10:13:45","date_gmt":"2025-01-17T07:13:45","guid":{"rendered":"https:\/\/www.egemtv.com\/?p=9819"},"modified":"2025-01-17T10:13:46","modified_gmt":"2025-01-17T07:13:46","slug":"denizlinin-ilk-emekli-evi-hizmete-aciliyor","status":"publish","type":"post","link":"https:\/\/www.egemtv.com\/?p=9819","title":{"rendered":"Denizli\u2019nin ilk Emekli Evi hizmete a\u00e7\u0131l\u0131yor"},"content":{"rendered":"<p>Denizli B\u00fcy\u00fck\u015fehir Belediyesi, emeklilerin sosyalle\u015febilece\u011fi ve kaliteli zaman ge\u00e7irebilece\u011fi ve emeklilere \u00f6zel olarak tasarlad\u0131\u011f\u0131 ve k\u0131sa bir s\u00fcre sonra hizmete alaca\u011f\u0131 mek\u00e2n\u0131n ad\u0131nda de\u011fi\u015fikli\u011fe gitti.  Vatanda\u015flardan gelen talepler do\u011frultusunda de\u011fi\u015fikli\u011fe gidilen mekan\u0131n yeni ismi Emekli Evim oldu.<\/p>\n<p>Denizli B\u00fcy\u00fck\u015fehir Belediye Ba\u015fkan\u0131 B\u00fclent Nuri \u00c7avu\u015fo\u011flu\u2019nun emekli yurtta\u015flara y\u00f6nelik \u00f6nemli bir hizmet olarak duyurdu\u011fu Emekli Evim, Alt\u0131ntop Mahallesi Meserret b\u00f6lgesinde bulunan Denizli Kona\u011f\u0131\u2019nda hizmet verecek. K\u0131sa bir s\u00fcre sonra hizmete al\u0131nacak tesisin \u00f6zellikle sosyal medya ve farkl\u0131 ileti\u015fim kanallar\u0131ndan gelen isim de\u011fi\u015fikli\u011fi talebi B\u00fcy\u00fck\u015fehir Belediye Ba\u015fkan\u0131 B\u00fclent Nuri \u00c7avu\u015fo\u011flu taraf\u0131ndan kar\u015f\u0131l\u0131k buldu. Emeklihane olarak kamuoyuna lanse dilen tesisin ad\u0131, halk\u0131n talebi do\u011frultusunda Emekli Evim ismiyle hizmet verecek.<br \/><\/p>\n","protected":false},"excerpt":{"rendered":"<p>Denizli B\u00fcy\u00fck\u015fehir Belediyesi, emeklilerin sosyalle\u015febilece\u011fi ve kaliteli zaman ge\u00e7irebilece\u011fi ve emeklilere \u00f6zel olarak tasarlad\u0131\u011f\u0131 ve k\u0131sa bir s\u00fcre sonra hizmete alaca\u011f\u0131 mek\u00e2n\u0131n ad\u0131nda de\u011fi\u015fikli\u011fe gitti. Vatanda\u015flardan gelen talepler do\u011frultusunda de\u011fi\u015fikli\u011fe gidilen mekan\u0131n yeni ismi Emekli Evim oldu. Denizli B\u00fcy\u00fck\u015fehir Belediye Ba\u015fkan\u0131 B\u00fclent Nuri \u00c7avu\u015fo\u011flu\u2019nun emekli yurtta\u015flara y\u00f6nelik \u00f6nemli bir hizmet olarak duyurdu\u011fu Emekli Evim, Alt\u0131ntop&#8230;<\/p>\n","protected":false},"author":1,"featured_media":9820,"comment_status":"open","ping_status":"open","sticky":false,"template":"","format":"standard","meta":{"_crdt_document":"","footnotes":""},"categories":[123],"tags":[],"class_list":["post-9819","post","type-post","status-publish","format-standard","has-post-thumbnail","hentry","category-gundem"],"_links":{"self":[{"href":"https:\/\/www.egemtv.com\/index.php?rest_route=\/wp\/v2\/posts\/9819","targetHints":{"allow":["GET"]}}],"collection":[{"href":"https:\/\/www.egemtv.com\/index.php?rest_route=\/wp\/v2\/posts"}],"about":[{"href":"https:\/\/www.egemtv.com\/index.php?rest_route=\/wp\/v2\/types\/post"}],"author":[{"embeddable":true,"href":"https:\/\/www.egemtv.com\/index.php?rest_route=\/wp\/v2\/users\/1"}],"replies":[{"embeddable":true,"href":"https:\/\/www.egemtv.com\/index.php?rest_route=%2Fwp%2Fv2%2Fcomments&post=9819"}],"version-history":[{"count":1,"href":"https:\/\/www.egemtv.com\/index.php?rest_route=\/wp\/v2\/posts\/9819\/revisions"}],"predecessor-version":[{"id":9821,"href":"https:\/\/www.egemtv.com\/index.php?rest_route=\/wp\/v2\/posts\/9819\/revisions\/9821"}],"wp:featuredmedia":[{"embeddable":true,"href":"https:\/\/www.egemtv.com\/index.php?rest_route=\/wp\/v2\/media\/9820"}],"wp:attachment":[{"href":"https:\/\/www.egemtv.com\/index.php?rest_route=%2Fwp%2Fv2%2Fmedia&parent=9819"}],"wp:term":[{"taxonomy":"category","embeddable":true,"href":"https:\/\/www.egemtv.com\/index.php?rest_route=%2Fwp%2Fv2%2Fcategories&post=9819"},{"taxonomy":"post_tag","embeddable":true,"href":"https:\/\/www.egemtv.com\/index.php?rest_route=%2Fwp%2Fv2%2Ftags&post=9819"}],"curies":[{"name":"wp","href":"https:\/\/api.w.org\/{rel}","templated":true}]}}