{"id":9816,"date":"2025-01-17T10:04:29","date_gmt":"2025-01-17T07:04:29","guid":{"rendered":"https:\/\/www.egemtv.com\/?p=9816"},"modified":"2025-01-17T10:04:32","modified_gmt":"2025-01-17T07:04:32","slug":"somali-minikler-saglikli-beslenme-ve-matematigi-pazarda-ogrendi","status":"publish","type":"post","link":"https:\/\/www.egemtv.com\/?p=9816","title":{"rendered":"Somal\u0131 minikler sa\u011fl\u0131kl\u0131 beslenme ve matemati\u011fi pazarda \u00f6\u011frendi"},"content":{"rendered":"<p>Manisa\u2019n\u0131n Soma il\u00e7esinde Ertu\u011frul Gazi \u0130lkokulu \u00f6\u011frencileri, \u00f6\u011fretmenleri e\u015fli\u011finde gittikleri semt pazar\u0131nda sebze-meyveler ile birlikte matemati\u011fin g\u00fcnl\u00fck ya\u015famdaki \u00f6nemini yerinde \u00f6\u011frendi.<br \/>\n<br \/>Ertu\u011frul Gazi \u0130lkokulu \u00f6\u011frencileri, \u00f6\u011fretmenleri Semra Sevim \u00f6nc\u00fcl\u00fc\u011f\u00fcnde, \u201cD\u00f6nem Sonu Faaliyet Haftas\u0131\u201d kapsam\u0131nda Hayat Bilgisi dersindeki \u201cPazara Gidelim\u201d konusunu Soma pazar yerinde uygulamal\u0131 olarak i\u015fledi. Etkinlik s\u0131ras\u0131nda \u00f6\u011frenciler, k\u00f6yl\u00fc pazar\u0131nda vatanda\u015flar\u0131n kendi yeti\u015ftirdikleri sa\u011fl\u0131kl\u0131 ve mevsime uygun sebze ve meyveleri yak\u0131ndan inceleme f\u0131rsat\u0131 buldu. Ard\u0131ndan seralarda yeti\u015ftirilen ve hallere getirilip sat\u0131\u015fa sunulan \u00fcr\u00fcnleri de g\u00f6rerek, pazardaki sebze-meyve \u00e7e\u015fitlili\u011fi hakk\u0131nda bilgi edindiler. \u00d6\u011frenciler, farkl\u0131 mevsimlerde yeti\u015ftirilen \u00fcr\u00fcnlerin t\u00fcketiminde zamanlaman\u0131n ve do\u011fall\u0131\u011f\u0131n \u00f6nemini \u00f6\u011frenirken, kilogram ve gramla sat\u0131lan \u00fcr\u00fcnlerin fiyat hesaplamalar\u0131n\u0131 da inceleyerek matemati\u011fin g\u00fcnl\u00fck ya\u015famla ba\u011flant\u0131s\u0131n\u0131 ke\u015ffettiler.<br \/>\n<br \/>Etkinlikle ilgili konu\u015fan s\u0131n\u0131f \u00f6\u011fretmeni Semra Sevim, \u201cPazaryeri etkinli\u011fimizde \u00f6\u011frencilerimize hem hayat bilgisi dersi kapsam\u0131nda sa\u011fl\u0131kl\u0131 beslenmenin \u00f6nemini hem de matemati\u011fin g\u00fcnl\u00fck hayatta nas\u0131l kullan\u0131ld\u0131\u011f\u0131n\u0131 \u00f6\u011fretmeyi ama\u00e7lad\u0131k. \u00c7ocuklar\u0131m\u0131z, pazarda g\u00f6rd\u00fcklerini g\u00f6zlemleyerek ve hesaplamalar yaparak uygulamal\u0131 bir \u00f6\u011frenme deneyimi ya\u015fad\u0131\u201d dedi.<br \/>\n<br \/>Okul M\u00fcd\u00fcr\u00fc Erdem Sevim ise bu t\u00fcr faaliyetlerin \u00f6\u011frencilerin sosyal, akademik ve k\u00fclt\u00fcrel geli\u015fimlerine b\u00fcy\u00fck katk\u0131 sa\u011flad\u0131\u011f\u0131n\u0131 vurgulayarak \u015funlar\u0131 ifade etti: \u201cE\u011fitim, sadece s\u0131n\u0131fta verilen bilgilerle s\u0131n\u0131rl\u0131 olmamal\u0131. \u00d6\u011frencilerimizin ger\u00e7ek hayat\u0131 g\u00f6zlemlemesi, bilgi ve becerilerini g\u00fcnl\u00fck hayatta kullanmay\u0131 \u00f6\u011frenmeleri \u00e7ok \u00f6nemli. Bu anlamda \u00f6\u011fretmenlerimizin haz\u0131rlad\u0131\u011f\u0131 bu t\u00fcr etkinlikleri destekliyoruz. \u00c7ocuklar\u0131m\u0131z\u0131n g\u00f6zlerindeki merak ve \u00f6\u011frenme iste\u011fini g\u00f6rmek bizleri \u00e7ok mutlu ediyor\u201d dedi.<br \/><\/p>\n","protected":false},"excerpt":{"rendered":"<p>Manisa\u2019n\u0131n Soma il\u00e7esinde Ertu\u011frul Gazi \u0130lkokulu \u00f6\u011frencileri, \u00f6\u011fretmenleri e\u015fli\u011finde gittikleri semt pazar\u0131nda sebze-meyveler ile birlikte matemati\u011fin g\u00fcnl\u00fck ya\u015famdaki \u00f6nemini yerinde \u00f6\u011frendi. Ertu\u011frul Gazi \u0130lkokulu \u00f6\u011frencileri, \u00f6\u011fretmenleri Semra Sevim \u00f6nc\u00fcl\u00fc\u011f\u00fcnde, \u201cD\u00f6nem Sonu Faaliyet Haftas\u0131\u201d kapsam\u0131nda Hayat Bilgisi dersindeki \u201cPazara Gidelim\u201d konusunu Soma pazar yerinde uygulamal\u0131 olarak i\u015fledi. Etkinlik s\u0131ras\u0131nda \u00f6\u011frenciler, k\u00f6yl\u00fc pazar\u0131nda vatanda\u015flar\u0131n kendi yeti\u015ftirdikleri sa\u011fl\u0131kl\u0131&#8230;<\/p>\n","protected":false},"author":1,"featured_media":9817,"comment_status":"open","ping_status":"open","sticky":false,"template":"","format":"standard","meta":{"_crdt_document":"","footnotes":""},"categories":[1],"tags":[],"class_list":["post-9816","post","type-post","status-publish","format-standard","has-post-thumbnail","hentry","category-guncel"],"_links":{"self":[{"href":"https:\/\/www.egemtv.com\/index.php?rest_route=\/wp\/v2\/posts\/9816","targetHints":{"allow":["GET"]}}],"collection":[{"href":"https:\/\/www.egemtv.com\/index.php?rest_route=\/wp\/v2\/posts"}],"about":[{"href":"https:\/\/www.egemtv.com\/index.php?rest_route=\/wp\/v2\/types\/post"}],"author":[{"embeddable":true,"href":"https:\/\/www.egemtv.com\/index.php?rest_route=\/wp\/v2\/users\/1"}],"replies":[{"embeddable":true,"href":"https:\/\/www.egemtv.com\/index.php?rest_route=%2Fwp%2Fv2%2Fcomments&post=9816"}],"version-history":[{"count":1,"href":"https:\/\/www.egemtv.com\/index.php?rest_route=\/wp\/v2\/posts\/9816\/revisions"}],"predecessor-version":[{"id":9818,"href":"https:\/\/www.egemtv.com\/index.php?rest_route=\/wp\/v2\/posts\/9816\/revisions\/9818"}],"wp:featuredmedia":[{"embeddable":true,"href":"https:\/\/www.egemtv.com\/index.php?rest_route=\/wp\/v2\/media\/9817"}],"wp:attachment":[{"href":"https:\/\/www.egemtv.com\/index.php?rest_route=%2Fwp%2Fv2%2Fmedia&parent=9816"}],"wp:term":[{"taxonomy":"category","embeddable":true,"href":"https:\/\/www.egemtv.com\/index.php?rest_route=%2Fwp%2Fv2%2Fcategories&post=9816"},{"taxonomy":"post_tag","embeddable":true,"href":"https:\/\/www.egemtv.com\/index.php?rest_route=%2Fwp%2Fv2%2Ftags&post=9816"}],"curies":[{"name":"wp","href":"https:\/\/api.w.org\/{rel}","templated":true}]}}