{"id":9813,"date":"2025-01-17T10:01:20","date_gmt":"2025-01-17T07:01:20","guid":{"rendered":"https:\/\/www.egemtv.com\/?p=9813"},"modified":"2025-01-17T10:01:22","modified_gmt":"2025-01-17T07:01:22","slug":"koycegiz-ilce-milli-egitim-muduru-karahan-ogrencilerin-oyunlarina-eslik-etti","status":"publish","type":"post","link":"https:\/\/www.egemtv.com\/?p=9813","title":{"rendered":"K\u00f6yce\u011fiz \u0130l\u00e7e Milli E\u011fitim M\u00fcd\u00fcr\u00fc Karahan, \u00f6\u011frencilerin oyunlar\u0131na e\u015flik etti"},"content":{"rendered":"<p>Mu\u011fla\u2019n\u0131n K\u00f6yce\u011fiz il\u00e7esinde 2024-2025 E\u011fitim \u00d6\u011fretim Y\u0131l\u0131 1. D\u00f6nem sonu Faaliyet Haftas\u0131 okullarda \u00e7e\u015fitli etkinliklerle tamamlan\u0131yor.<\/p>\n<p>K\u00f6yce\u011fiz \u0130l\u00e7e Milli E\u011fitim M\u00fcd\u00fcr\u00fc Kerem Karahan, K\u00f6yce\u011fiz Akk\u00f6pr\u00fc Deniz Feneri Ortaokulu\u2019nu ziyaret etti. K\u00f6yce\u011fiz \u0130l\u00e7e Milli E\u011fitim M\u00fcd\u00fcr\u00fc Kerem Karahan, d\u00f6nem sonu Faaliyet Haftas\u0131 kapsam\u0131nda K\u00f6yce\u011fiz Akk\u00f6pr\u00fc Deniz Feneri Ortaokulu\u2019nda d\u00fczenlenen masa tenisi ve geleneksel \u00e7ocuk oyunlar\u0131nda \u00f6\u011frencilere e\u015flik etti. \u00d6\u011frencilere ara tatille ile ilgili tavsiyelerde bulundu. Gayretli ve \u00f6zverili \u00e7al\u0131\u015fmalar\u0131ndan dolay\u0131 \u00f6\u011fretmenlere te\u015fekk\u00fcr etti.<br \/><\/p>\n","protected":false},"excerpt":{"rendered":"<p>Mu\u011fla\u2019n\u0131n K\u00f6yce\u011fiz il\u00e7esinde 2024-2025 E\u011fitim \u00d6\u011fretim Y\u0131l\u0131 1. D\u00f6nem sonu Faaliyet Haftas\u0131 okullarda \u00e7e\u015fitli etkinliklerle tamamlan\u0131yor. K\u00f6yce\u011fiz \u0130l\u00e7e Milli E\u011fitim M\u00fcd\u00fcr\u00fc Kerem Karahan, K\u00f6yce\u011fiz Akk\u00f6pr\u00fc Deniz Feneri Ortaokulu\u2019nu ziyaret etti. K\u00f6yce\u011fiz \u0130l\u00e7e Milli E\u011fitim M\u00fcd\u00fcr\u00fc Kerem Karahan, d\u00f6nem sonu Faaliyet Haftas\u0131 kapsam\u0131nda K\u00f6yce\u011fiz Akk\u00f6pr\u00fc Deniz Feneri Ortaokulu\u2019nda d\u00fczenlenen masa tenisi ve geleneksel \u00e7ocuk oyunlar\u0131nda \u00f6\u011frencilere&#8230;<\/p>\n","protected":false},"author":1,"featured_media":9814,"comment_status":"open","ping_status":"open","sticky":false,"template":"","format":"standard","meta":{"_crdt_document":"","footnotes":""},"categories":[1],"tags":[],"class_list":["post-9813","post","type-post","status-publish","format-standard","has-post-thumbnail","hentry","category-guncel"],"_links":{"self":[{"href":"https:\/\/www.egemtv.com\/index.php?rest_route=\/wp\/v2\/posts\/9813","targetHints":{"allow":["GET"]}}],"collection":[{"href":"https:\/\/www.egemtv.com\/index.php?rest_route=\/wp\/v2\/posts"}],"about":[{"href":"https:\/\/www.egemtv.com\/index.php?rest_route=\/wp\/v2\/types\/post"}],"author":[{"embeddable":true,"href":"https:\/\/www.egemtv.com\/index.php?rest_route=\/wp\/v2\/users\/1"}],"replies":[{"embeddable":true,"href":"https:\/\/www.egemtv.com\/index.php?rest_route=%2Fwp%2Fv2%2Fcomments&post=9813"}],"version-history":[{"count":1,"href":"https:\/\/www.egemtv.com\/index.php?rest_route=\/wp\/v2\/posts\/9813\/revisions"}],"predecessor-version":[{"id":9815,"href":"https:\/\/www.egemtv.com\/index.php?rest_route=\/wp\/v2\/posts\/9813\/revisions\/9815"}],"wp:featuredmedia":[{"embeddable":true,"href":"https:\/\/www.egemtv.com\/index.php?rest_route=\/wp\/v2\/media\/9814"}],"wp:attachment":[{"href":"https:\/\/www.egemtv.com\/index.php?rest_route=%2Fwp%2Fv2%2Fmedia&parent=9813"}],"wp:term":[{"taxonomy":"category","embeddable":true,"href":"https:\/\/www.egemtv.com\/index.php?rest_route=%2Fwp%2Fv2%2Fcategories&post=9813"},{"taxonomy":"post_tag","embeddable":true,"href":"https:\/\/www.egemtv.com\/index.php?rest_route=%2Fwp%2Fv2%2Ftags&post=9813"}],"curies":[{"name":"wp","href":"https:\/\/api.w.org\/{rel}","templated":true}]}}