{"id":9810,"date":"2025-01-17T09:53:01","date_gmt":"2025-01-17T06:53:01","guid":{"rendered":"https:\/\/www.egemtv.com\/?p=9810"},"modified":"2025-01-17T09:53:03","modified_gmt":"2025-01-17T06:53:03","slug":"kutahya-il-milli-egitim-muduru-basyigitten-yariyil-mesaji","status":"publish","type":"post","link":"https:\/\/www.egemtv.com\/?p=9810","title":{"rendered":"K\u00fctahya \u0130l Milli E\u011fitim M\u00fcd\u00fcr\u00fc Ba\u015fyi\u011fit\u2019ten yar\u0131y\u0131l mesaj\u0131"},"content":{"rendered":"<p>K\u00fctahya \u0130l Milli E\u011fitim M\u00fcd\u00fcr\u00fc Hasan Ba\u015fyi\u011fit, 2024-2025 e\u011fitim-\u00f6\u011fretim y\u0131l\u0131n\u0131n birinci d\u00f6neminin tamamlanmas\u0131 dolay\u0131s\u0131yla bir mesaj yay\u0131nlad\u0131. Mesaj\u0131nda, \u00f6\u011frenciler, veliler ve \u00f6\u011fretmenlere hitap eden Ba\u015fyi\u011fit, hem d\u00f6nem de\u011ferlendirmesi yapt\u0131 hem de tatil s\u00fcrecine ili\u015fkin \u00f6nerilerde bulundu.<br \/>\n<br \/>\u00d6\u011frencilere y\u00f6nelik a\u00e7\u0131klamas\u0131nda, karnelerin d\u00f6nem boyunca yap\u0131lan \u00e7al\u0131\u015fmalar\u0131n bir yans\u0131mas\u0131 oldu\u011funu belirten Ba\u015fyi\u011fit, &#8220;As\u0131l de\u011feriniz, karakteriniz, \u00e7aban\u0131z ve kararl\u0131l\u0131\u011f\u0131n\u0131zla \u00f6l\u00e7\u00fcl\u00fcr. Tatil s\u00fcrecini sadece dinlenerek de\u011fil, kitap okuyarak, k\u00fclt\u00fcrel etkinliklere kat\u0131larak ve \u015fehrimizin tarih\u00ee zenginliklerini ke\u015ffederek de\u011ferlendirin. Ayr\u0131ca teknolojiyle sa\u011fl\u0131kl\u0131 bir ili\u015fki kurarak ekran ba\u015f\u0131nda ge\u00e7irdi\u011finiz s\u00fcreyi s\u0131n\u0131rlay\u0131n ve hayal g\u00fcc\u00fcn\u00fcz\u00fc geli\u015ftirecek etkinliklere y\u00f6nelin&#8221; dedi.<br \/>\n<br \/>Velilere hitaben yapt\u0131\u011f\u0131 a\u00e7\u0131klamada ise karnelerin \u00e7ocuklar\u0131n akademik durumlar\u0131n\u0131 yans\u0131tt\u0131\u011f\u0131n\u0131 ancak bunun yan\u0131 s\u0131ra \u00e7ocuklar\u0131n karakter ve ki\u015fisel geli\u015fimlerinin de \u00f6nemsenmesi gerekti\u011fini vurgulad\u0131. Ba\u015fyi\u011fit, &#8220;\u00c7ocuklar\u0131m\u0131z\u0131n e\u011fitim yolculu\u011funda sizlerin deste\u011fi \u00e7ok \u00f6nemli. Onlar\u0131n sadece akademik ba\u015far\u0131lar\u0131na de\u011fil, ki\u015fisel geli\u015fimlerine de odaklanarak g\u00fc\u00e7l\u00fc bireyler olmalar\u0131n\u0131 destekleyelim&#8221; ifadelerini kulland\u0131.<br \/>\n<br \/>\u00d6\u011fretmenlere y\u00f6nelik mesaj\u0131nda ise Hasan Ba\u015fyi\u011fit, \u00f6\u011fretmenlerin fedak\u00e2rca \u00e7al\u0131\u015farak gelece\u011fin erdemli bireylerini yeti\u015ftirdiklerini belirterek, &#8220;Att\u0131\u011f\u0131n\u0131z her ad\u0131m, ilimizin e\u011fitimdeki ba\u015far\u0131s\u0131n\u0131 daha ileri ta\u015f\u0131yor. Gayretleriniz ve eme\u011finiz i\u00e7in minnettar\u0131z. Hep birlikte daha b\u00fcy\u00fck ba\u015far\u0131lara ula\u015fmak dile\u011fiyle, sa\u011fl\u0131kl\u0131, huzurlu ve g\u00fczel bir tatil d\u00f6nemi ge\u00e7irmenizi temenni ediyorum&#8221; diye konu\u015ftu.<br \/>\n<br \/>M\u00fcd\u00fcr Ba\u015fyi\u011fit, t\u00fcm \u00f6\u011frenci, veli ve \u00f6\u011fretmenlere ikinci d\u00f6nem i\u00e7in ba\u015far\u0131 dileklerinde bulunarak mesaj\u0131n\u0131 tamamlad\u0131.<br \/><\/p>\n","protected":false},"excerpt":{"rendered":"<p>K\u00fctahya \u0130l Milli E\u011fitim M\u00fcd\u00fcr\u00fc Hasan Ba\u015fyi\u011fit, 2024-2025 e\u011fitim-\u00f6\u011fretim y\u0131l\u0131n\u0131n birinci d\u00f6neminin tamamlanmas\u0131 dolay\u0131s\u0131yla bir mesaj yay\u0131nlad\u0131. Mesaj\u0131nda, \u00f6\u011frenciler, veliler ve \u00f6\u011fretmenlere hitap eden Ba\u015fyi\u011fit, hem d\u00f6nem de\u011ferlendirmesi yapt\u0131 hem de tatil s\u00fcrecine ili\u015fkin \u00f6nerilerde bulundu. \u00d6\u011frencilere y\u00f6nelik a\u00e7\u0131klamas\u0131nda, karnelerin d\u00f6nem boyunca yap\u0131lan \u00e7al\u0131\u015fmalar\u0131n bir yans\u0131mas\u0131 oldu\u011funu belirten Ba\u015fyi\u011fit, &#8220;As\u0131l de\u011feriniz, karakteriniz, \u00e7aban\u0131z ve kararl\u0131l\u0131\u011f\u0131n\u0131zla&#8230;<\/p>\n","protected":false},"author":1,"featured_media":9811,"comment_status":"open","ping_status":"open","sticky":false,"template":"","format":"standard","meta":{"_crdt_document":"","footnotes":""},"categories":[1],"tags":[],"class_list":["post-9810","post","type-post","status-publish","format-standard","has-post-thumbnail","hentry","category-guncel"],"_links":{"self":[{"href":"https:\/\/www.egemtv.com\/index.php?rest_route=\/wp\/v2\/posts\/9810","targetHints":{"allow":["GET"]}}],"collection":[{"href":"https:\/\/www.egemtv.com\/index.php?rest_route=\/wp\/v2\/posts"}],"about":[{"href":"https:\/\/www.egemtv.com\/index.php?rest_route=\/wp\/v2\/types\/post"}],"author":[{"embeddable":true,"href":"https:\/\/www.egemtv.com\/index.php?rest_route=\/wp\/v2\/users\/1"}],"replies":[{"embeddable":true,"href":"https:\/\/www.egemtv.com\/index.php?rest_route=%2Fwp%2Fv2%2Fcomments&post=9810"}],"version-history":[{"count":1,"href":"https:\/\/www.egemtv.com\/index.php?rest_route=\/wp\/v2\/posts\/9810\/revisions"}],"predecessor-version":[{"id":9812,"href":"https:\/\/www.egemtv.com\/index.php?rest_route=\/wp\/v2\/posts\/9810\/revisions\/9812"}],"wp:featuredmedia":[{"embeddable":true,"href":"https:\/\/www.egemtv.com\/index.php?rest_route=\/wp\/v2\/media\/9811"}],"wp:attachment":[{"href":"https:\/\/www.egemtv.com\/index.php?rest_route=%2Fwp%2Fv2%2Fmedia&parent=9810"}],"wp:term":[{"taxonomy":"category","embeddable":true,"href":"https:\/\/www.egemtv.com\/index.php?rest_route=%2Fwp%2Fv2%2Fcategories&post=9810"},{"taxonomy":"post_tag","embeddable":true,"href":"https:\/\/www.egemtv.com\/index.php?rest_route=%2Fwp%2Fv2%2Ftags&post=9810"}],"curies":[{"name":"wp","href":"https:\/\/api.w.org\/{rel}","templated":true}]}}