{"id":9807,"date":"2025-01-17T09:52:58","date_gmt":"2025-01-17T06:52:58","guid":{"rendered":"https:\/\/www.egemtv.com\/?p=9807"},"modified":"2025-01-17T09:53:01","modified_gmt":"2025-01-17T06:53:01","slug":"belediyeden-ogrencilerin-sorumluluk-duygusunu-gelistiren-egitimler","status":"publish","type":"post","link":"https:\/\/www.egemtv.com\/?p=9807","title":{"rendered":"Belediyeden \u00f6\u011frencilerin sorumluluk duygusunu geli\u015ftiren e\u011fitimler"},"content":{"rendered":"<p>K\u00fctahya Belediyesi taraf\u0131ndan, \u00e7evre bilincini art\u0131rmak ve s\u0131f\u0131r at\u0131k anlay\u0131\u015f\u0131n\u0131 topluma kazand\u0131rmak amac\u0131yla okullarda d\u00fczenlenen e\u011fitim programlar\u0131 devam ediyor.<br \/>\n<br \/>Belediye \u0130klim De\u011fi\u015fikli\u011fi ve S\u0131f\u0131r At\u0131k M\u00fcd\u00fcrl\u00fc\u011f\u00fc taraf\u0131ndan Atakent \u0130lkokulu ve \u015eeker \u0130lkokulu\u2019nda ger\u00e7ekle\u015ftirilen \u201cS\u0131f\u0131r At\u0131k\u201d konulu e\u011fitimler, \u00f6\u011fretmenler ve \u00f6\u011frencilerin ilgisiyle kar\u015f\u0131land\u0131.<br \/>\n<br \/>S\u0131f\u0131r at\u0131k al\u0131\u015fkanl\u0131\u011f\u0131n\u0131n k\u00fc\u00e7\u00fck ya\u015flardan itibaren kazand\u0131r\u0131lmas\u0131n\u0131n \u00f6neminin vurguland\u0131\u011f\u0131 e\u011fitimde evde, okulda ve sosyal ya\u015famda s\u0131f\u0131r at\u0131k ilkelerinin nas\u0131l uygulanabilece\u011fi, s\u0131n\u0131rl\u0131 olan kaynaklar\u0131n daha etkili ve verimli \u015fekilde de\u011ferlendirilmesi, at\u0131klar\u0131n kayna\u011f\u0131nda ayr\u0131\u015ft\u0131r\u0131lmas\u0131 ve geri d\u00f6n\u00fc\u015f\u00fcm ser\u00fcveni detayl\u0131 bir \u015fekilde anlat\u0131ld\u0131.<br \/>\n<br \/>K\u00fctahya Belediyesi\u2019ne ait S\u0131f\u0131r At\u0131k Market ve Mobil At\u0131k Getirme Merkezi gibi projeler tan\u0131t\u0131ld\u0131 ve at\u0131k t\u00fcrlerinin \u00e7evreye verdi\u011fi olumsuz etkiler \u00fczerinde duruldu.<br \/><\/p>\n","protected":false},"excerpt":{"rendered":"<p>K\u00fctahya Belediyesi taraf\u0131ndan, \u00e7evre bilincini art\u0131rmak ve s\u0131f\u0131r at\u0131k anlay\u0131\u015f\u0131n\u0131 topluma kazand\u0131rmak amac\u0131yla okullarda d\u00fczenlenen e\u011fitim programlar\u0131 devam ediyor. Belediye \u0130klim De\u011fi\u015fikli\u011fi ve S\u0131f\u0131r At\u0131k M\u00fcd\u00fcrl\u00fc\u011f\u00fc taraf\u0131ndan Atakent \u0130lkokulu ve \u015eeker \u0130lkokulu\u2019nda ger\u00e7ekle\u015ftirilen \u201cS\u0131f\u0131r At\u0131k\u201d konulu e\u011fitimler, \u00f6\u011fretmenler ve \u00f6\u011frencilerin ilgisiyle kar\u015f\u0131land\u0131. S\u0131f\u0131r at\u0131k al\u0131\u015fkanl\u0131\u011f\u0131n\u0131n k\u00fc\u00e7\u00fck ya\u015flardan itibaren kazand\u0131r\u0131lmas\u0131n\u0131n \u00f6neminin vurguland\u0131\u011f\u0131 e\u011fitimde evde, okulda ve&#8230;<\/p>\n","protected":false},"author":1,"featured_media":9808,"comment_status":"open","ping_status":"open","sticky":false,"template":"","format":"standard","meta":{"_crdt_document":"","footnotes":""},"categories":[1],"tags":[],"class_list":["post-9807","post","type-post","status-publish","format-standard","has-post-thumbnail","hentry","category-guncel"],"_links":{"self":[{"href":"https:\/\/www.egemtv.com\/index.php?rest_route=\/wp\/v2\/posts\/9807","targetHints":{"allow":["GET"]}}],"collection":[{"href":"https:\/\/www.egemtv.com\/index.php?rest_route=\/wp\/v2\/posts"}],"about":[{"href":"https:\/\/www.egemtv.com\/index.php?rest_route=\/wp\/v2\/types\/post"}],"author":[{"embeddable":true,"href":"https:\/\/www.egemtv.com\/index.php?rest_route=\/wp\/v2\/users\/1"}],"replies":[{"embeddable":true,"href":"https:\/\/www.egemtv.com\/index.php?rest_route=%2Fwp%2Fv2%2Fcomments&post=9807"}],"version-history":[{"count":1,"href":"https:\/\/www.egemtv.com\/index.php?rest_route=\/wp\/v2\/posts\/9807\/revisions"}],"predecessor-version":[{"id":9809,"href":"https:\/\/www.egemtv.com\/index.php?rest_route=\/wp\/v2\/posts\/9807\/revisions\/9809"}],"wp:featuredmedia":[{"embeddable":true,"href":"https:\/\/www.egemtv.com\/index.php?rest_route=\/wp\/v2\/media\/9808"}],"wp:attachment":[{"href":"https:\/\/www.egemtv.com\/index.php?rest_route=%2Fwp%2Fv2%2Fmedia&parent=9807"}],"wp:term":[{"taxonomy":"category","embeddable":true,"href":"https:\/\/www.egemtv.com\/index.php?rest_route=%2Fwp%2Fv2%2Fcategories&post=9807"},{"taxonomy":"post_tag","embeddable":true,"href":"https:\/\/www.egemtv.com\/index.php?rest_route=%2Fwp%2Fv2%2Ftags&post=9807"}],"curies":[{"name":"wp","href":"https:\/\/api.w.org\/{rel}","templated":true}]}}