{"id":9804,"date":"2025-01-17T09:52:56","date_gmt":"2025-01-17T06:52:56","guid":{"rendered":"https:\/\/www.egemtv.com\/?p=9804"},"modified":"2025-01-17T09:52:58","modified_gmt":"2025-01-17T06:52:58","slug":"kutahyada-saglikta-dijital-entegrasyon-donemi-basladi","status":"publish","type":"post","link":"https:\/\/www.egemtv.com\/?p=9804","title":{"rendered":"K\u00fctahya\u2019da \u201cSa\u011fl\u0131kta Dijital Entegrasyon\u201d d\u00f6nemi ba\u015flad\u0131"},"content":{"rendered":"<p>K\u00fctahya\u2019da sa\u011fl\u0131k hizmetlerinde yeni bir d\u00f6nemi ba\u015flatan \u201cSa\u011fl\u0131kta Dijital Entegrasyon\u201d sistemi hayata ge\u00e7irildi. Bu kapsamda, K\u00fctahya \u015eehir Hastanesi\u2019nde g\u00f6rev yapan uzman hekimler ile il merkezinde \u00e7al\u0131\u015fan aile hekimleri bir araya gelerek entegrasyon s\u00fcrecine dair bilgi ve deneyimlerini payla\u015ft\u0131.<br \/>\n<br \/>K\u00fctahya \u0130l Sa\u011fl\u0131k M\u00fcd\u00fcr\u00fc Do\u00e7. Dr. Ensar Durmu\u015f\u2019un ba\u015fkanl\u0131k etti\u011fi toplant\u0131da, dijital entegrasyon sisteminin i\u015fleyi\u015fine ili\u015fkin detayl\u0131 bilgilendirme yap\u0131ld\u0131. Toplant\u0131da, sa\u011fl\u0131k hizmetleri aras\u0131ndaki ge\u00e7i\u015fin sorunsuz ve h\u0131zl\u0131 bir \u015fekilde sa\u011flanmas\u0131, etkili bir koordinasyonun olu\u015fturulmas\u0131 ve sistemin hem sa\u011fl\u0131k \u00e7al\u0131\u015fanlar\u0131 hem de vatanda\u015flar a\u00e7\u0131s\u0131ndan faydalar\u0131n\u0131n art\u0131r\u0131lmas\u0131 gibi konular ele al\u0131nd\u0131.<br \/>\n<br \/>Yeni entegrasyon sistemiyle, sa\u011fl\u0131k hizmetlerinin etkinli\u011finin art\u0131r\u0131lmas\u0131 ve s\u00fcre\u00e7lerin h\u0131zland\u0131r\u0131lmas\u0131 hedefleniyor. Sa\u011fl\u0131k \u00e7al\u0131\u015fanlar\u0131n\u0131n daha verimli \u00e7al\u0131\u015fmas\u0131n\u0131 sa\u011flayacak olan bu sistemin, vatanda\u015flar\u0131n sa\u011fl\u0131k hizmetlerine daha kolay eri\u015fimini m\u00fcmk\u00fcn k\u0131laca\u011f\u0131 ifade edildi.<br \/>\n<br \/>Toplant\u0131n\u0131n ard\u0131ndan sa\u011fl\u0131k \u00e7al\u0131\u015fanlar\u0131, entegrasyonun ba\u015far\u0131l\u0131 bir \u015fekilde uygulanmas\u0131 i\u00e7in yap\u0131lmas\u0131 gerekenler hakk\u0131nda g\u00f6r\u00fc\u015f al\u0131\u015fveri\u015finde bulundu.<br \/><\/p>\n","protected":false},"excerpt":{"rendered":"<p>K\u00fctahya\u2019da sa\u011fl\u0131k hizmetlerinde yeni bir d\u00f6nemi ba\u015flatan \u201cSa\u011fl\u0131kta Dijital Entegrasyon\u201d sistemi hayata ge\u00e7irildi. Bu kapsamda, K\u00fctahya \u015eehir Hastanesi\u2019nde g\u00f6rev yapan uzman hekimler ile il merkezinde \u00e7al\u0131\u015fan aile hekimleri bir araya gelerek entegrasyon s\u00fcrecine dair bilgi ve deneyimlerini payla\u015ft\u0131. K\u00fctahya \u0130l Sa\u011fl\u0131k M\u00fcd\u00fcr\u00fc Do\u00e7. Dr. Ensar Durmu\u015f\u2019un ba\u015fkanl\u0131k etti\u011fi toplant\u0131da, dijital entegrasyon sisteminin i\u015fleyi\u015fine ili\u015fkin detayl\u0131&#8230;<\/p>\n","protected":false},"author":1,"featured_media":9805,"comment_status":"open","ping_status":"open","sticky":false,"template":"","format":"standard","meta":{"_crdt_document":"","footnotes":""},"categories":[2],"tags":[],"class_list":["post-9804","post","type-post","status-publish","format-standard","has-post-thumbnail","hentry","category-saglik"],"_links":{"self":[{"href":"https:\/\/www.egemtv.com\/index.php?rest_route=\/wp\/v2\/posts\/9804","targetHints":{"allow":["GET"]}}],"collection":[{"href":"https:\/\/www.egemtv.com\/index.php?rest_route=\/wp\/v2\/posts"}],"about":[{"href":"https:\/\/www.egemtv.com\/index.php?rest_route=\/wp\/v2\/types\/post"}],"author":[{"embeddable":true,"href":"https:\/\/www.egemtv.com\/index.php?rest_route=\/wp\/v2\/users\/1"}],"replies":[{"embeddable":true,"href":"https:\/\/www.egemtv.com\/index.php?rest_route=%2Fwp%2Fv2%2Fcomments&post=9804"}],"version-history":[{"count":1,"href":"https:\/\/www.egemtv.com\/index.php?rest_route=\/wp\/v2\/posts\/9804\/revisions"}],"predecessor-version":[{"id":9806,"href":"https:\/\/www.egemtv.com\/index.php?rest_route=\/wp\/v2\/posts\/9804\/revisions\/9806"}],"wp:featuredmedia":[{"embeddable":true,"href":"https:\/\/www.egemtv.com\/index.php?rest_route=\/wp\/v2\/media\/9805"}],"wp:attachment":[{"href":"https:\/\/www.egemtv.com\/index.php?rest_route=%2Fwp%2Fv2%2Fmedia&parent=9804"}],"wp:term":[{"taxonomy":"category","embeddable":true,"href":"https:\/\/www.egemtv.com\/index.php?rest_route=%2Fwp%2Fv2%2Fcategories&post=9804"},{"taxonomy":"post_tag","embeddable":true,"href":"https:\/\/www.egemtv.com\/index.php?rest_route=%2Fwp%2Fv2%2Ftags&post=9804"}],"curies":[{"name":"wp","href":"https:\/\/api.w.org\/{rel}","templated":true}]}}