{"id":9798,"date":"2025-01-17T09:49:09","date_gmt":"2025-01-17T06:49:09","guid":{"rendered":"https:\/\/www.egemtv.com\/?p=9798"},"modified":"2025-01-17T09:49:11","modified_gmt":"2025-01-17T06:49:11","slug":"iki-bacagindaki-damar-tikanikligindan-ameliyatsiz-anjiyoplasti-yontemiyle-kurtuldu","status":"publish","type":"post","link":"https:\/\/www.egemtv.com\/?p=9798","title":{"rendered":"\u0130ki baca\u011f\u0131ndaki damar t\u0131kan\u0131kl\u0131\u011f\u0131ndan ameliyats\u0131z anjiyoplasti y\u00f6ntemiyle kurtuldu"},"content":{"rendered":"<p>Denizli\u2019de \u015feker hastas\u0131 85 ya\u015f\u0131ndaki ya\u015fl\u0131 adam ya\u015fad\u0131\u011f\u0131 sorunlar i\u00e7in gitti\u011fi \u00d6zel Denizli Tekden Hastanesinde yap\u0131lan incelemelerin ard\u0131ndan her iki baca\u011f\u0131ndaki uyluk atar damar\u0131n\u0131n t\u0131kan\u0131k oldu\u011fu tespit edildi. Kardiyoloji Uz. Dr. Nihat Pekel, her iki baca\u011f\u0131 da ameliyats\u0131z bir \u015fekilde anjiyoplasti y\u00f6ntemi ile ila\u00e7 kapl\u0131 balonlar kullanarak hastan\u0131n sa\u011fl\u0131\u011f\u0131n\u0131 kavu\u015fturdu.<\/p>\n<p>Denizli\u2019nin Ac\u0131payam il\u00e7esinde ikametgah eden 85 ya\u015f\u0131ndaki \u015feker hastas\u0131 ya\u015fad\u0131\u011f\u0131 rahats\u0131zl\u0131klar\u0131n ard\u0131ndan \u00d6zel Denizli Tekden Hastanesi doktorlar\u0131ndan Kardiyoloji Uz. Dr. Nihat Pekel\u2019e ula\u015ft\u0131. Yap\u0131lan muayene ve tetkiklerin ard\u0131ndan hastan\u0131n her iki baca\u011f\u0131nda uyluk atar damar\u0131n\u0131n t\u0131kan\u0131k oldu\u011fu belirlendi. Kardiyoloji Uz. Dr. Nihat Pekel, her iki baca\u011f\u0131 da ameliyats\u0131z bir \u015fekilde anjiyoplasti y\u00f6ntemi ile ila\u00e7 kapl\u0131 balonlar kullanarak hastan\u0131n sa\u011fl\u0131\u011f\u0131n\u0131 kavu\u015fturdu. Ameliyat\u0131n ard\u0131ndan ayaklar\u0131ndaki a\u011fr\u0131 ve rahats\u0131zl\u0131klar\u0131n giderildi\u011fi i\u00e7in mutlu oldu\u011fu ifade eden 85 ya\u015f\u0131ndaki Mustafa S\u00fcr\u00fcc\u00fco\u011flu, \u201c\u00d6zel Denizli Tekden Hastanesine gelmeden \u00f6nce ba\u015fka hastanelere ba\u015fvurdum ama bir t\u00fcrl\u00fc iyile\u015femedim. B\u00fct\u00fcn hastalara tavsiyem e\u011fer durumlar\u0131 benim gibi ise \u00d6zel Denizli Tekden Hastanesine ba\u015fvursunlar. Buraya gelirlerse hastalar\u0131n problemleri \u00e7\u00f6z\u00fcl\u00fcr b\u00fct\u00fcn eme\u011fi ge\u00e7en herkese \u00e7ok te\u015fekk\u00fcr ediyorum\u201d dedi.<\/p>\n<p>\u201cAmeliyats\u0131z, anjiyoplasti y\u00f6ntemi ile ila\u00e7 kapl\u0131 balonlar kullanarak her iki atar damar\u0131 da a\u00e7t\u0131k\u201d<br \/>\n<br \/>Yap\u0131lan incelemelerin ard\u0131ndan her iki baca\u011f\u0131ndaki atar damarlar\u0131n t\u0131kan\u0131k oldu\u011funu ve ameliyats\u0131z bir \u015fekilde anjiyoplasti y\u00f6ntemi ile ila\u00e7 kapl\u0131 balonlar kullanarak hastan\u0131n sa\u011fl\u0131\u011f\u0131n\u0131 kavu\u015ftu\u011funu belirten Kardiyoloji Uz. Dr. Nihat Pekel, \u201cMustafa amcam\u0131z 85 ya\u015f\u0131nda ve kendisi emekli bir maden i\u015fletmecisi. Uzun y\u0131llar \u015feker hastas\u0131 ve yakla\u015f\u0131k 6 ay \u00f6nce kal\u00e7a k\u0131r\u0131\u011f\u0131 ya\u015fad\u0131 ve ondan sonras\u0131nda ise yata\u011fa ba\u011f\u0131ml\u0131 kald\u0131\u011f\u0131 bir d\u00f6nem oldu. O d\u00f6nemde ayaklar\u0131nda yaralar a\u00e7\u0131ld\u0131. Ard\u0131ndan ise bu ayak yaralar\u0131 iyile\u015fmedi. Biz yapt\u0131\u011f\u0131m\u0131z incelemede her iki ayakta da damar t\u0131kan\u0131kl\u0131\u011f\u0131 tespit ettik. \u0130ki ayr\u0131 seansta \u00f6nce sa\u011f uyluk damar\u0131n\u0131 daha sonra sol uyluk atar damar\u0131 ameliyats\u0131z, anjiyoplasti y\u00f6ntemi ile ila\u00e7 kapl\u0131 balonlar kullanarak her iki atar damar\u0131m\u0131z\u0131 a\u00e7t\u0131k. Ayaktaki yaralar\u0131n iyile\u015fmesi b\u00f6ylelikle daha kolay olacak. B\u00f6yle bir ba\u015far\u0131l\u0131 i\u015flem yapt\u0131k. Uyluk atar damarlar\u0131 ameliyats\u0131z y\u00f6ntem ile ba\u015far\u0131l\u0131 bir i\u015flem ger\u00e7ekle\u015ftirdik\u201d diye konu\u015ftu.<\/p>\n<p>\u201cB\u00fct\u00fcn hastalara tavsiyem e\u011fer durumlar\u0131 benim gibi ise \u00d6zel Denizli Tekden Hastanesine ba\u015fvursunlar\u201d<br \/>\n<br \/>85 ya\u015f\u0131ndaki emekli maden i\u015f\u00e7isi uzun y\u0131llar \u015feker hastal\u0131\u011f\u0131 y\u00fcz\u00fcnden her iki baca\u011f\u0131ndaki atar damarlar\u0131n\u0131n t\u0131kan\u0131klar\u0131 yap\u0131lan y\u00f6ntemler ile d\u00fczeldi\u011fi i\u00e7in mutlu oldu\u011fu ve bu tarz hastal\u0131klar\u0131 olan hastalara \u00d6zel Denizli Tekden Hastanesine ba\u015fvurmalar\u0131 gerekti\u011fini dile getiren Mustafa S\u00fcr\u00fcc\u00fco\u011flu, \u201cBir akrabam\u0131n d\u00fc\u011f\u00fcn\u00fcne gitmi\u015ftim ve orada d\u00fc\u015ft\u00fcm. Kal\u00e7am k\u0131r\u0131ld\u0131 ve sonras\u0131nda bir hastaneye gittim ve orada 2 kez ameliyat ge\u00e7irdim ama d\u00fczelmedi. Ard\u0131ndan \u00d6zel Denizli Tekden Hastanesine ba\u015fvurdum. Burada ameliyat oldum ve iyile\u015ftim ama aya\u011f\u0131mdaki yaralar \u015fekerden dolay\u0131 d\u00fczelmedi. Nihat doktorumu durumu anlatt\u0131m ve gerekli i\u015flemleri yapt\u0131. Anjiyo yapt\u0131 ve aya\u011f\u0131mdaki a\u011fr\u0131lar ve yaralar\u0131n b\u00fcy\u00fck bir k\u0131sm\u0131 ge\u00e7ti. B\u00fct\u00fcn hastalara tavsiyem e\u011fer durumlar\u0131 benim gibi ise \u00d6zel Denizli Tekden Hastanesine ba\u015fvursunlar. Buraya gelirlerse hastalar\u0131n problemleri \u00e7\u00f6z\u00fcl\u00fcr b\u00fct\u00fcn eme\u011fi ge\u00e7en herkese \u00e7ok te\u015fekk\u00fcr ediyorum\u201d dedi.<br \/><\/p>\n","protected":false},"excerpt":{"rendered":"<p>Denizli\u2019de \u015feker hastas\u0131 85 ya\u015f\u0131ndaki ya\u015fl\u0131 adam ya\u015fad\u0131\u011f\u0131 sorunlar i\u00e7in gitti\u011fi \u00d6zel Denizli Tekden Hastanesinde yap\u0131lan incelemelerin ard\u0131ndan her iki baca\u011f\u0131ndaki uyluk atar damar\u0131n\u0131n t\u0131kan\u0131k oldu\u011fu tespit edildi. Kardiyoloji Uz. Dr. Nihat Pekel, her iki baca\u011f\u0131 da ameliyats\u0131z bir \u015fekilde anjiyoplasti y\u00f6ntemi ile ila\u00e7 kapl\u0131 balonlar kullanarak hastan\u0131n sa\u011fl\u0131\u011f\u0131n\u0131 kavu\u015fturdu. Denizli\u2019nin Ac\u0131payam il\u00e7esinde ikametgah eden&#8230;<\/p>\n","protected":false},"author":1,"featured_media":9799,"comment_status":"open","ping_status":"open","sticky":false,"template":"","format":"standard","meta":{"_crdt_document":"","footnotes":""},"categories":[2],"tags":[],"class_list":["post-9798","post","type-post","status-publish","format-standard","has-post-thumbnail","hentry","category-saglik"],"_links":{"self":[{"href":"https:\/\/www.egemtv.com\/index.php?rest_route=\/wp\/v2\/posts\/9798","targetHints":{"allow":["GET"]}}],"collection":[{"href":"https:\/\/www.egemtv.com\/index.php?rest_route=\/wp\/v2\/posts"}],"about":[{"href":"https:\/\/www.egemtv.com\/index.php?rest_route=\/wp\/v2\/types\/post"}],"author":[{"embeddable":true,"href":"https:\/\/www.egemtv.com\/index.php?rest_route=\/wp\/v2\/users\/1"}],"replies":[{"embeddable":true,"href":"https:\/\/www.egemtv.com\/index.php?rest_route=%2Fwp%2Fv2%2Fcomments&post=9798"}],"version-history":[{"count":1,"href":"https:\/\/www.egemtv.com\/index.php?rest_route=\/wp\/v2\/posts\/9798\/revisions"}],"predecessor-version":[{"id":9800,"href":"https:\/\/www.egemtv.com\/index.php?rest_route=\/wp\/v2\/posts\/9798\/revisions\/9800"}],"wp:featuredmedia":[{"embeddable":true,"href":"https:\/\/www.egemtv.com\/index.php?rest_route=\/wp\/v2\/media\/9799"}],"wp:attachment":[{"href":"https:\/\/www.egemtv.com\/index.php?rest_route=%2Fwp%2Fv2%2Fmedia&parent=9798"}],"wp:term":[{"taxonomy":"category","embeddable":true,"href":"https:\/\/www.egemtv.com\/index.php?rest_route=%2Fwp%2Fv2%2Fcategories&post=9798"},{"taxonomy":"post_tag","embeddable":true,"href":"https:\/\/www.egemtv.com\/index.php?rest_route=%2Fwp%2Fv2%2Ftags&post=9798"}],"curies":[{"name":"wp","href":"https:\/\/api.w.org\/{rel}","templated":true}]}}