{"id":9795,"date":"2025-01-17T09:46:35","date_gmt":"2025-01-17T06:46:35","guid":{"rendered":"https:\/\/www.egemtv.com\/?p=9795"},"modified":"2025-01-17T09:46:37","modified_gmt":"2025-01-17T06:46:37","slug":"izmir-aciklarinda-olume-suruklenen-40-gocmen-kurtarildi","status":"publish","type":"post","link":"https:\/\/www.egemtv.com\/?p=9795","title":{"rendered":"\u0130zmir a\u00e7\u0131klar\u0131nda \u00f6l\u00fcme s\u00fcr\u00fcklenen 40 g\u00f6\u00e7men kurtar\u0131ld\u0131"},"content":{"rendered":"<p>\u0130zmir\u2019in Karaburun ve \u00c7e\u015fme il\u00e7esi a\u00e7\u0131klar\u0131nda motor ar\u0131zas\u0131 nedeniyle a\u00e7\u0131klara s\u00fcr\u00fcklenen ve Yunanistan unsurlar\u0131nca geri itilen lastik botlar i\u00e7erisinde bulunan 20\u2019si \u00e7ocuk 40 d\u00fczensiz g\u00f6\u00e7men kurtar\u0131ld\u0131.<br \/>\n<br \/>Sahil G\u00fcvenlik Komutanl\u0131\u011f\u0131 ekipleri 15 Ocak saat 02.15\u2019te, Karaburun il\u00e7esi a\u00e7\u0131klar\u0131nda i\u00e7erisinde d\u00fczensiz g\u00f6\u00e7menlerin oldu\u011fu lastik botun motor ar\u0131zas\u0131 nedeniyle s\u00fcr\u00fcklendi\u011fi ve yard\u0131m talebinde bulunuldu\u011fu bilgisinin al\u0131nmas\u0131 \u00fczerine harekete ge\u00e7ti. Lastik bot i\u00e7erisindeki 20\u2019si \u00e7ocuk 38 d\u00fczensiz g\u00f6\u00e7men, g\u00f6revlendirilen Sahil G\u00fcvenlik Botu (TCSG-4) taraf\u0131ndan kurtar\u0131ld\u0131. Ayn\u0131 g\u00fcn \u00c7e\u015fme il\u00e7esi a\u00e7\u0131klar\u0131nda da Yunanistan unsurlar\u0131 taraf\u0131ndan T\u00fcrk kara sular\u0131na geri itildi\u011fi belirlenen lastik bot i\u00e7erisindeki 2 d\u00fczensiz g\u00f6\u00e7men de yine ekiplerce kurtar\u0131ld\u0131.<br \/>\n<br \/>Karaya \u00e7\u0131kart\u0131lan toplam 40 d\u00fczensiz g\u00f6\u00e7men, sa\u011fl\u0131k kontrolleri ve i\u015flemlerinin ard\u0131ndan \u0130l G\u00f6\u00e7 \u0130daresi M\u00fcd\u00fcrl\u00fc\u011f\u00fc Geri G\u00f6nderme Merkezine sevk edildi.<br \/><\/p>\n","protected":false},"excerpt":{"rendered":"<p>\u0130zmir\u2019in Karaburun ve \u00c7e\u015fme il\u00e7esi a\u00e7\u0131klar\u0131nda motor ar\u0131zas\u0131 nedeniyle a\u00e7\u0131klara s\u00fcr\u00fcklenen ve Yunanistan unsurlar\u0131nca geri itilen lastik botlar i\u00e7erisinde bulunan 20\u2019si \u00e7ocuk 40 d\u00fczensiz g\u00f6\u00e7men kurtar\u0131ld\u0131. Sahil G\u00fcvenlik Komutanl\u0131\u011f\u0131 ekipleri 15 Ocak saat 02.15\u2019te, Karaburun il\u00e7esi a\u00e7\u0131klar\u0131nda i\u00e7erisinde d\u00fczensiz g\u00f6\u00e7menlerin oldu\u011fu lastik botun motor ar\u0131zas\u0131 nedeniyle s\u00fcr\u00fcklendi\u011fi ve yard\u0131m talebinde bulunuldu\u011fu bilgisinin al\u0131nmas\u0131 \u00fczerine harekete&#8230;<\/p>\n","protected":false},"author":1,"featured_media":9796,"comment_status":"open","ping_status":"open","sticky":false,"template":"","format":"standard","meta":{"_crdt_document":"","footnotes":""},"categories":[5],"tags":[],"class_list":["post-9795","post","type-post","status-publish","format-standard","has-post-thumbnail","hentry","category-asayis"],"_links":{"self":[{"href":"https:\/\/www.egemtv.com\/index.php?rest_route=\/wp\/v2\/posts\/9795","targetHints":{"allow":["GET"]}}],"collection":[{"href":"https:\/\/www.egemtv.com\/index.php?rest_route=\/wp\/v2\/posts"}],"about":[{"href":"https:\/\/www.egemtv.com\/index.php?rest_route=\/wp\/v2\/types\/post"}],"author":[{"embeddable":true,"href":"https:\/\/www.egemtv.com\/index.php?rest_route=\/wp\/v2\/users\/1"}],"replies":[{"embeddable":true,"href":"https:\/\/www.egemtv.com\/index.php?rest_route=%2Fwp%2Fv2%2Fcomments&post=9795"}],"version-history":[{"count":1,"href":"https:\/\/www.egemtv.com\/index.php?rest_route=\/wp\/v2\/posts\/9795\/revisions"}],"predecessor-version":[{"id":9797,"href":"https:\/\/www.egemtv.com\/index.php?rest_route=\/wp\/v2\/posts\/9795\/revisions\/9797"}],"wp:featuredmedia":[{"embeddable":true,"href":"https:\/\/www.egemtv.com\/index.php?rest_route=\/wp\/v2\/media\/9796"}],"wp:attachment":[{"href":"https:\/\/www.egemtv.com\/index.php?rest_route=%2Fwp%2Fv2%2Fmedia&parent=9795"}],"wp:term":[{"taxonomy":"category","embeddable":true,"href":"https:\/\/www.egemtv.com\/index.php?rest_route=%2Fwp%2Fv2%2Fcategories&post=9795"},{"taxonomy":"post_tag","embeddable":true,"href":"https:\/\/www.egemtv.com\/index.php?rest_route=%2Fwp%2Fv2%2Ftags&post=9795"}],"curies":[{"name":"wp","href":"https:\/\/api.w.org\/{rel}","templated":true}]}}