{"id":9789,"date":"2025-01-17T09:43:15","date_gmt":"2025-01-17T06:43:15","guid":{"rendered":"https:\/\/www.egemtv.com\/?p=9789"},"modified":"2025-01-17T09:43:17","modified_gmt":"2025-01-17T06:43:17","slug":"denizli-tekstilcileri-heimtextil-2025-fuarinda-gucunu-gosterdi","status":"publish","type":"post","link":"https:\/\/www.egemtv.com\/?p=9789","title":{"rendered":"Denizli tekstilcileri, Heimtextil 2025 fuar\u0131nda g\u00fcc\u00fcn\u00fc g\u00f6sterdi"},"content":{"rendered":"<p>Denizli Ticaret Odas\u0131 (DTO) Ba\u015fkan\u0131 U\u011fur Erdo\u011fan, Heimtextil 2025 Ev Tekstili Fuar\u0131\u2019nda stant a\u00e7an \u00fcyelerini Almanya\u2019n\u0131n Frankfurt \u015fehrinde ziyaret etti. Denizlili firmalar\u0131n \u00fcr\u00fcnlerine g\u00f6sterilen yo\u011fun ilgiden dolay\u0131 bu y\u0131l \u00e7ok umutlu olduklar\u0131n\u0131 s\u00f6yleyen Ba\u015fkan Erdo\u011fan, \u201cFirmalar\u0131m\u0131zla beraber 1000\u2019e yak\u0131n tekstille ilgilenen i\u015f d\u00fcnyas\u0131 temsilcimiz de buradayd\u0131. Denizli Ticaret Odas\u0131 olarak \u00fcyelerimizin fuarlara kat\u0131lmalar\u0131na y\u00f6nelik deste\u011fimiz her ge\u00e7en g\u00fcn daha da art\u0131yor\u201d dedi.<\/p>\n<p>Almanya\u2019n\u0131n Frankfurt \u015fehrinde ger\u00e7ekle\u015ftirilecek d\u00fcnyan\u0131n en b\u00fcy\u00fck ev tekstil fuarlar\u0131ndan biri olan Heimtextil 2025, 14-17 Ocak tarihleri aras\u0131nda ziyaret\u00e7ilere kap\u0131lar\u0131n\u0131 a\u00e7t\u0131. Denizli Ticaret Odas\u0131 Ba\u015fkan\u0131 U\u011fur Erdo\u011fan Almanya\u2019n\u0131n Frankfurt kentinde d\u00fczenlenen ve ev tekstili sekt\u00f6r\u00fcnde d\u00fcnyan\u0131n \u00f6nemli fuarlar\u0131 aras\u0131nda yer alan Heimtextil Fuar\u0131nda yerini alan Denizlili sanayicileri yaln\u0131z b\u0131rakmad\u0131. Denizli milletvekili \u015eeref Arpac\u0131, Denizli Ticaret Odas\u0131 U\u011fur Erdo\u011fan ve DEN\u0130B Ba\u015fkan\u0131 H\u00fcseyin Memi\u015fo\u011flu ile birlikte stantlar\u0131 gezen DSO Ba\u015fkan\u0131 Kasapo\u011flu, firmalar\u0131n talep ve beklentileri hakk\u0131nda g\u00f6r\u00fc\u015f al\u0131\u015fveri\u015finde bulundu.<\/p>\n<p>\u201cFirmalar\u0131m\u0131z, 2025\u2019ten \u00fcmitliler\u201d<br \/>\n<br \/>Erdo\u011fan, ziyaretlerde sekt\u00f6r temsilcilerinin umutlu, yeni sezondan beklentilerinin de y\u00fcksek oldu\u011funu g\u00f6rd\u00fcklerini dile getirdi. Ba\u015fkan Erdo\u011fan, \u201cDenizli\u2019miz, 24 saat esas\u0131na g\u00f6re durmadan \u00e7al\u0131\u015fan ve \u00fcreten bir \u015fehir. Firmalar\u0131m\u0131zla beraber 1000\u2019e yak\u0131n tekstille ilgilenen i\u015f d\u00fcnyas\u0131 temsilcimiz de buradayd\u0131. Denizli Ticaret Odas\u0131 olarak \u00fcyelerimizin fuarlara kat\u0131lmalar\u0131na y\u00f6nelik deste\u011fimiz her ge\u00e7en g\u00fcn daha da art\u0131yor. Devlet desteklerinde ge\u00e7ici bir s\u00fcre durma oldu fakat biz oda olarak deste\u011fimizi hi\u00e7bir zaman kesmedik. Buraya da heyet halinde 130 \u00fcyemizi getirdik. Amac\u0131m\u0131z \u00fcretime, ihracata ve sekt\u00f6re destek vermek; onlar\u0131n yan\u0131nda olup motive etmek ve daha da b\u00fcy\u00fcy\u00fcp geli\u015fmelerini sa\u011flamak\u201d dedi.<\/p>\n<p>\u201cSekt\u00f6r\u00fcm\u00fcz\u00fcn beklentilerini, milletvekillerimize aktard\u0131k\u201d<br \/>\n<br \/>G\u00f6reve geldikleri g\u00fcnden bu yana gece g\u00fcnd\u00fcz demeden \u00fcyelerinin sorunlar\u0131yla hemhal olduklar\u0131n\u0131 belirten Ba\u015fkan Erdo\u011fan, bunlara her kulvarda \u00e7are arad\u0131klar\u0131n\u0131n da alt\u0131n\u0131 \u00e7izdi. Denizli milletvekillere sorunlar\u0131 dile getirdi\u011fini belirten Ba\u015fkan Erdo\u011fan, \u201cDenizli\u2019den milletvekillerimizle ve oda ba\u015fkanlar\u0131m\u0131zla, bu kez de yine bir arada Heimtextil\u2019deyiz; t\u00fcm stantlar\u0131m\u0131z\u0131 tek tek gezerek isti\u015farelerde bulunduk. Denizli Milletvekillerimizin bizlerle fuara gelmesi \u00e7ok \u00f6nemliydi. \u00c7\u00fcnk\u00fc bu ziyaretlerimizde, \u00fcyelerimiz d\u00f6viz kurlar\u0131 ve y\u00fcksek faizle ilgili s\u0131k\u0131nt\u0131lar\u0131n\u0131 da kendilerine dile getirdiler. Sanayicimizin ihtiya\u00e7 duydu\u011fu bu ve benzeri konular\u0131 g\u00f6r\u00fc\u015fmek \u00fczere bir toplant\u0131 da tertip ettik ve bunlar\u0131n hepsini y\u00fcz y\u00fcze hemen kendilerine aktard\u0131k, bildirdik. Onlar da ilk f\u0131rsatta ilgili makamlara ve Cumhurba\u015fkan\u0131m\u0131za bu konular\u0131 aktaracaklar. Biz de \u00fcyelerimizin bu taleplerinin kar\u015f\u0131l\u0131k bulmas\u0131 i\u00e7in T\u00fcrkiye Odalar ve Borsalar Birli\u011fi\u2019miz kanal\u0131yla \u00e7e\u015fitli giri\u015fimlerde bulunaca\u011f\u0131z\u201d diye konu\u015ftu.<\/p>\n<p>\u201cDenizli millet\u00e7isi oldu\u011fumuzu bir kez daha g\u00f6sterdik\u201d<br \/>\n<br \/>Denizli heyetinin, fuara kalabal\u0131k kat\u0131lmas\u0131n\u0131n yan\u0131 s\u0131ra birlik ve beraberli\u011fi ile de t\u00fcm T\u00fcrkiye\u2019ye \u00f6rnek oldu\u011funu da kaydeden Ba\u015fkan Erdo\u011fan, bas\u0131n mensuplar\u0131na da g\u00f6sterdikleri yo\u011fun ilgiden dolay\u0131 te\u015fekk\u00fcr etti. Erdo\u011fan, \u201cDenizli Sanayi Odas\u0131 Ba\u015fkan\u0131m\u0131z Say\u0131n Selim Kasapo\u011flu, Denizli \u0130hracat\u00e7\u0131lar Birli\u011fi Ba\u015fkan\u0131m\u0131z Say\u0131n H\u00fcseyin Memi\u015fo\u011flu, Denizli Milletvekillerimiz Say\u0131n \u015eahin Tin ile Say\u0131n \u015eeref Arpac\u0131\u2019n\u0131n burada olmas\u0131, hepimizin Denizli milliyet\u00e7isi oldu\u011funu da g\u00f6steriyor. Biz, Denizli\u2019nin kalk\u0131nmas\u0131 ve daha g\u00fc\u00e7l\u00fc hamleler yapmas\u0131 i\u00e7in ad\u0131mlar\u0131m\u0131z\u0131 birlikte at\u0131yoruz. Burada oldu\u011fu gibi t\u00fcm fuarlarda Denizli\u2019mizi ve sekt\u00f6rlerimizi yaln\u0131z b\u0131rakmad\u0131klar\u0131 i\u00e7in bas\u0131n mensubu arkada\u015flar\u0131m\u0131za da \u00e7ok te\u015fekk\u00fcr ediyorum. Bu \u015fehre beraber katk\u0131 ve destek vermeye devam edece\u011fiz\u201d dedi.<br \/><\/p>\n","protected":false},"excerpt":{"rendered":"<p>Denizli Ticaret Odas\u0131 (DTO) Ba\u015fkan\u0131 U\u011fur Erdo\u011fan, Heimtextil 2025 Ev Tekstili Fuar\u0131\u2019nda stant a\u00e7an \u00fcyelerini Almanya\u2019n\u0131n Frankfurt \u015fehrinde ziyaret etti. Denizlili firmalar\u0131n \u00fcr\u00fcnlerine g\u00f6sterilen yo\u011fun ilgiden dolay\u0131 bu y\u0131l \u00e7ok umutlu olduklar\u0131n\u0131 s\u00f6yleyen Ba\u015fkan Erdo\u011fan, \u201cFirmalar\u0131m\u0131zla beraber 1000\u2019e yak\u0131n tekstille ilgilenen i\u015f d\u00fcnyas\u0131 temsilcimiz de buradayd\u0131. Denizli Ticaret Odas\u0131 olarak \u00fcyelerimizin fuarlara kat\u0131lmalar\u0131na y\u00f6nelik deste\u011fimiz&#8230;<\/p>\n","protected":false},"author":1,"featured_media":9790,"comment_status":"open","ping_status":"open","sticky":false,"template":"","format":"standard","meta":{"_crdt_document":"","footnotes":""},"categories":[125],"tags":[],"class_list":["post-9789","post","type-post","status-publish","format-standard","has-post-thumbnail","hentry","category-ekonomi"],"_links":{"self":[{"href":"https:\/\/www.egemtv.com\/index.php?rest_route=\/wp\/v2\/posts\/9789","targetHints":{"allow":["GET"]}}],"collection":[{"href":"https:\/\/www.egemtv.com\/index.php?rest_route=\/wp\/v2\/posts"}],"about":[{"href":"https:\/\/www.egemtv.com\/index.php?rest_route=\/wp\/v2\/types\/post"}],"author":[{"embeddable":true,"href":"https:\/\/www.egemtv.com\/index.php?rest_route=\/wp\/v2\/users\/1"}],"replies":[{"embeddable":true,"href":"https:\/\/www.egemtv.com\/index.php?rest_route=%2Fwp%2Fv2%2Fcomments&post=9789"}],"version-history":[{"count":1,"href":"https:\/\/www.egemtv.com\/index.php?rest_route=\/wp\/v2\/posts\/9789\/revisions"}],"predecessor-version":[{"id":9791,"href":"https:\/\/www.egemtv.com\/index.php?rest_route=\/wp\/v2\/posts\/9789\/revisions\/9791"}],"wp:featuredmedia":[{"embeddable":true,"href":"https:\/\/www.egemtv.com\/index.php?rest_route=\/wp\/v2\/media\/9790"}],"wp:attachment":[{"href":"https:\/\/www.egemtv.com\/index.php?rest_route=%2Fwp%2Fv2%2Fmedia&parent=9789"}],"wp:term":[{"taxonomy":"category","embeddable":true,"href":"https:\/\/www.egemtv.com\/index.php?rest_route=%2Fwp%2Fv2%2Fcategories&post=9789"},{"taxonomy":"post_tag","embeddable":true,"href":"https:\/\/www.egemtv.com\/index.php?rest_route=%2Fwp%2Fv2%2Ftags&post=9789"}],"curies":[{"name":"wp","href":"https:\/\/api.w.org\/{rel}","templated":true}]}}