{"id":9783,"date":"2025-01-17T09:37:38","date_gmt":"2025-01-17T06:37:38","guid":{"rendered":"https:\/\/www.egemtv.com\/?p=9783"},"modified":"2025-01-17T09:37:40","modified_gmt":"2025-01-17T06:37:40","slug":"koycegizde-veli-bulusmalarinda-atolye-calismasi-yapildi","status":"publish","type":"post","link":"https:\/\/www.egemtv.com\/?p=9783","title":{"rendered":"K\u00f6yce\u011fiz\u2019de veli bulu\u015fmalar\u0131nda at\u00f6lye \u00e7al\u0131\u015fmas\u0131 yap\u0131ld\u0131"},"content":{"rendered":"<p>Mu\u011fla\u2019n\u0131n K\u00f6yce\u011fiz il\u00e7esinde veli bulu\u015fmalar\u0131 \u00e7er\u00e7evesinde \u0130mam Hatip Ortaokulu\u2019nda at\u00f6lye \u00e7al\u0131\u015fmalar\u0131 ger\u00e7ekle\u015ftirildi.<\/p>\n<p>Mu\u011fla \u0130l Milli E\u011fitim M\u00fcd\u00fcrl\u00fc\u011f\u00fcnce y\u00fcr\u00fct\u00fclen \u2019Mu\u011fla Veli Bulu\u015fmalar\u0131 Projesi\u2019 kapsam\u0131nda K\u00f6yce\u011fiz \u0130l\u00e7e Milli E\u011fitim M\u00fcd\u00fcr\u00fc Kerem Karahan, K\u00f6yce\u011fiz \u0130mam Hatip Ortaokulu\u2019nda veliler ve \u00f6\u011fretmenler ile bir araya gelerek su kaba\u011f\u0131 ve ku\u015f yuvas\u0131 boyama at\u00f6lye \u00e7al\u0131\u015fmas\u0131na kat\u0131ld\u0131. Etkinlikte e\u011fitim s\u00fcreci ve \u00f6\u011frenci ba\u015far\u0131s\u0131nda veli katk\u0131s\u0131n\u0131n \u00f6nemine dikkat \u00e7ekildi. \u00d6\u011frencilerin sanatsal, k\u00fclt\u00fcrel, sportif ve bilimsel donan\u0131ma sahip bireyler olarak yeti\u015ftirilmesine vurgu yap\u0131ld\u0131. T\u00fcrkiye Y\u00fczy\u0131l\u0131 Maarif Modeli ile \u00f6\u011frencilerin akademik ve sosyal geli\u015fimlerini desteklemek ad\u0131na yap\u0131labilecek \u00e7al\u0131\u015fmalar hakk\u0131nda isti\u015farelerde bulunuldu. K\u00f6yce\u011fiz \u0130l\u00e7e Milli E\u011fitim M\u00fcd\u00fcr\u00fc Kerem Karahan, keyifli ge\u00e7en etkinli\u011fin ard\u0131ndan d\u00fczenlenmesinde eme\u011fi ge\u00e7en \u00f6\u011fretmen ve idarecilere te\u015fekk\u00fcr etti.<br \/><\/p>\n","protected":false},"excerpt":{"rendered":"<p>Mu\u011fla\u2019n\u0131n K\u00f6yce\u011fiz il\u00e7esinde veli bulu\u015fmalar\u0131 \u00e7er\u00e7evesinde \u0130mam Hatip Ortaokulu\u2019nda at\u00f6lye \u00e7al\u0131\u015fmalar\u0131 ger\u00e7ekle\u015ftirildi. Mu\u011fla \u0130l Milli E\u011fitim M\u00fcd\u00fcrl\u00fc\u011f\u00fcnce y\u00fcr\u00fct\u00fclen \u2019Mu\u011fla Veli Bulu\u015fmalar\u0131 Projesi\u2019 kapsam\u0131nda K\u00f6yce\u011fiz \u0130l\u00e7e Milli E\u011fitim M\u00fcd\u00fcr\u00fc Kerem Karahan, K\u00f6yce\u011fiz \u0130mam Hatip Ortaokulu\u2019nda veliler ve \u00f6\u011fretmenler ile bir araya gelerek su kaba\u011f\u0131 ve ku\u015f yuvas\u0131 boyama at\u00f6lye \u00e7al\u0131\u015fmas\u0131na kat\u0131ld\u0131. Etkinlikte e\u011fitim s\u00fcreci ve \u00f6\u011frenci&#8230;<\/p>\n","protected":false},"author":1,"featured_media":9784,"comment_status":"open","ping_status":"open","sticky":false,"template":"","format":"standard","meta":{"_crdt_document":"","footnotes":""},"categories":[1],"tags":[],"class_list":["post-9783","post","type-post","status-publish","format-standard","has-post-thumbnail","hentry","category-guncel"],"_links":{"self":[{"href":"https:\/\/www.egemtv.com\/index.php?rest_route=\/wp\/v2\/posts\/9783","targetHints":{"allow":["GET"]}}],"collection":[{"href":"https:\/\/www.egemtv.com\/index.php?rest_route=\/wp\/v2\/posts"}],"about":[{"href":"https:\/\/www.egemtv.com\/index.php?rest_route=\/wp\/v2\/types\/post"}],"author":[{"embeddable":true,"href":"https:\/\/www.egemtv.com\/index.php?rest_route=\/wp\/v2\/users\/1"}],"replies":[{"embeddable":true,"href":"https:\/\/www.egemtv.com\/index.php?rest_route=%2Fwp%2Fv2%2Fcomments&post=9783"}],"version-history":[{"count":1,"href":"https:\/\/www.egemtv.com\/index.php?rest_route=\/wp\/v2\/posts\/9783\/revisions"}],"predecessor-version":[{"id":9785,"href":"https:\/\/www.egemtv.com\/index.php?rest_route=\/wp\/v2\/posts\/9783\/revisions\/9785"}],"wp:featuredmedia":[{"embeddable":true,"href":"https:\/\/www.egemtv.com\/index.php?rest_route=\/wp\/v2\/media\/9784"}],"wp:attachment":[{"href":"https:\/\/www.egemtv.com\/index.php?rest_route=%2Fwp%2Fv2%2Fmedia&parent=9783"}],"wp:term":[{"taxonomy":"category","embeddable":true,"href":"https:\/\/www.egemtv.com\/index.php?rest_route=%2Fwp%2Fv2%2Fcategories&post=9783"},{"taxonomy":"post_tag","embeddable":true,"href":"https:\/\/www.egemtv.com\/index.php?rest_route=%2Fwp%2Fv2%2Ftags&post=9783"}],"curies":[{"name":"wp","href":"https:\/\/api.w.org\/{rel}","templated":true}]}}