{"id":9780,"date":"2025-01-17T09:33:23","date_gmt":"2025-01-17T06:33:23","guid":{"rendered":"https:\/\/www.egemtv.com\/?p=9780"},"modified":"2025-01-17T09:33:25","modified_gmt":"2025-01-17T06:33:25","slug":"hisarcik-mahalle-muhtari-basoglundan-baskan-tetike-tesekkur","status":"publish","type":"post","link":"https:\/\/www.egemtv.com\/?p=9780","title":{"rendered":"Hisarc\u0131k Mahalle Muhtar\u0131 Ba\u015fo\u011flu\u2019ndan Ba\u015fkan Tetik\u2019e te\u015fekk\u00fcr"},"content":{"rendered":"<p>Ayd\u0131n\u2019\u0131n Nazilli il\u00e7esi Hisarc\u0131k Mahalle Muhtar\u0131 Ali Ba\u015fo\u011flu, Nazilli Belediyesi\u2019nin meydan d\u00fczenleme ve \u00e7ok ama\u00e7l\u0131 alan yenileme \u00e7al\u0131\u015fmalar\u0131ndan dolay\u0131 sosyal medya hesab\u0131ndan hesab\u0131ndan payla\u015f\u0131m yaparak Belediye Ba\u015fkan\u0131 Ertu\u011frul Tetik ve ekibine te\u015fekk\u00fcr etti.<\/p>\n<p>Kent merkezinden en uzak mahallelere kadar hizmet ula\u015ft\u0131rmaya devam eden Nazilli Belediyesi, \u00e7al\u0131\u015fmalar\u0131yla vatanda\u015flar\u0131n g\u00f6nl\u00fcn\u00fc kazanmaya devam ediyor. Her ya\u011f\u0131\u015f sonras\u0131 meydan\u0131nda toprak biriken ve yollar\u0131 kullan\u0131lmaz hale gelen Hisarc\u0131k\u2019\u0131n sorununa ne\u015fter vuran Nazilli Belediyesi Fen \u0130\u015fleri M\u00fcd\u00fcrl\u00fc\u011f\u00fc ekipleri stabilizesi yap\u0131lan alan\u0131n parke ta\u015f\u0131 d\u00f6\u015feme  ve perde duvar in\u015fa \u00e7al\u0131\u015fmalar\u0131n\u0131 tamamlad\u0131. Hisarc\u0131k Mahalle Muhtar\u0131 Ali Ba\u015fo\u011flu sosyal medya hesab\u0131ndan payla\u015f\u0131m yaparak Belediye Ba\u015fkan\u0131 Tetik ve ekibine te\u015fekk\u00fcr etti.<br \/><\/p>\n","protected":false},"excerpt":{"rendered":"<p>Ayd\u0131n\u2019\u0131n Nazilli il\u00e7esi Hisarc\u0131k Mahalle Muhtar\u0131 Ali Ba\u015fo\u011flu, Nazilli Belediyesi\u2019nin meydan d\u00fczenleme ve \u00e7ok ama\u00e7l\u0131 alan yenileme \u00e7al\u0131\u015fmalar\u0131ndan dolay\u0131 sosyal medya hesab\u0131ndan hesab\u0131ndan payla\u015f\u0131m yaparak Belediye Ba\u015fkan\u0131 Ertu\u011frul Tetik ve ekibine te\u015fekk\u00fcr etti. Kent merkezinden en uzak mahallelere kadar hizmet ula\u015ft\u0131rmaya devam eden Nazilli Belediyesi, \u00e7al\u0131\u015fmalar\u0131yla vatanda\u015flar\u0131n g\u00f6nl\u00fcn\u00fc kazanmaya devam ediyor. Her ya\u011f\u0131\u015f sonras\u0131 meydan\u0131nda&#8230;<\/p>\n","protected":false},"author":1,"featured_media":9781,"comment_status":"open","ping_status":"open","sticky":false,"template":"","format":"standard","meta":{"_crdt_document":"","footnotes":""},"categories":[1],"tags":[],"class_list":["post-9780","post","type-post","status-publish","format-standard","has-post-thumbnail","hentry","category-guncel"],"_links":{"self":[{"href":"https:\/\/www.egemtv.com\/index.php?rest_route=\/wp\/v2\/posts\/9780","targetHints":{"allow":["GET"]}}],"collection":[{"href":"https:\/\/www.egemtv.com\/index.php?rest_route=\/wp\/v2\/posts"}],"about":[{"href":"https:\/\/www.egemtv.com\/index.php?rest_route=\/wp\/v2\/types\/post"}],"author":[{"embeddable":true,"href":"https:\/\/www.egemtv.com\/index.php?rest_route=\/wp\/v2\/users\/1"}],"replies":[{"embeddable":true,"href":"https:\/\/www.egemtv.com\/index.php?rest_route=%2Fwp%2Fv2%2Fcomments&post=9780"}],"version-history":[{"count":1,"href":"https:\/\/www.egemtv.com\/index.php?rest_route=\/wp\/v2\/posts\/9780\/revisions"}],"predecessor-version":[{"id":9782,"href":"https:\/\/www.egemtv.com\/index.php?rest_route=\/wp\/v2\/posts\/9780\/revisions\/9782"}],"wp:featuredmedia":[{"embeddable":true,"href":"https:\/\/www.egemtv.com\/index.php?rest_route=\/wp\/v2\/media\/9781"}],"wp:attachment":[{"href":"https:\/\/www.egemtv.com\/index.php?rest_route=%2Fwp%2Fv2%2Fmedia&parent=9780"}],"wp:term":[{"taxonomy":"category","embeddable":true,"href":"https:\/\/www.egemtv.com\/index.php?rest_route=%2Fwp%2Fv2%2Fcategories&post=9780"},{"taxonomy":"post_tag","embeddable":true,"href":"https:\/\/www.egemtv.com\/index.php?rest_route=%2Fwp%2Fv2%2Ftags&post=9780"}],"curies":[{"name":"wp","href":"https:\/\/api.w.org\/{rel}","templated":true}]}}