{"id":9777,"date":"2025-01-17T09:33:21","date_gmt":"2025-01-17T06:33:21","guid":{"rendered":"https:\/\/www.egemtv.com\/?p=9777"},"modified":"2025-01-17T09:33:23","modified_gmt":"2025-01-17T06:33:23","slug":"kusadasinda-karadeniz-ruzgari-esmeye-basladi","status":"publish","type":"post","link":"https:\/\/www.egemtv.com\/?p=9777","title":{"rendered":"Ku\u015fadas\u0131\u2019nda Karadeniz r\u00fczgar\u0131 esmeye ba\u015flad\u0131"},"content":{"rendered":"<p>Ku\u015fadas\u0131\u2019nda \u2019Karadeniz G\u00fcnleri 2. Hamsi Festivali\u2019 ba\u015flad\u0131. Karadeniz y\u00f6resine ait birbirinden farkl\u0131 yiyecek ve y\u00f6resel k\u0131yafetlerin sat\u0131\u015f\u0131n\u0131n yap\u0131ld\u0131\u011f\u0131 etkinlik 4 g\u00fcn boyunca devam edecek. Festivalin son g\u00fcn\u00fc ise 2 ton hamsi pi\u015firilip, \u00fccretsiz olarak da\u011f\u0131t\u0131lacak.<\/p>\n<p>Ku\u015fadas\u0131 Belediyesi ve Karadeniz K\u00fclt\u00fcr ve Folklor Derne\u011fi i\u015f birli\u011fi ile d\u00fczenlenen Ku\u015fadas\u0131 Karadeniz G\u00fcnleri 2. Hamsi Festivali \u0130smail Cem Dostluk ve Bar\u0131\u015f Meydan\u0131\u2019nda ba\u015flad\u0131. Renkli g\u00f6r\u00fcnt\u00fclere sahne olan festivalin ilk g\u00fcn\u00fcne Ku\u015fadal\u0131lar yo\u011fun ilgi g\u00f6sterdi. Canl\u0131 DJ performans\u0131na da yer verilen programda, vatanda\u015flar Karadeniz y\u00f6resine ait \u015fark\u0131lar e\u015fli\u011finde horon teperek e\u011flencenin tad\u0131n\u0131 doyas\u0131ya \u00e7\u0131kard\u0131. Ku\u015fadal\u0131lar ayr\u0131ca Karadeniz ve farkl\u0131 bir \u00e7ok y\u00f6reye ait lezzetler ile y\u00f6resel k\u0131yafetlerin sat\u0131ld\u0131\u011f\u0131 stantlardan da al\u0131\u015fveri\u015f yapt\u0131.<\/p>\n<p>19 Ocak Pazar g\u00fcn\u00fcne kadar devam edecek olan etkinlikte \u00fcnl\u00fc \u015fark\u0131c\u0131 Resul Dindar gibi bir \u00e7ok sanat\u00e7\u0131 sahne alacak. Ayr\u0131ca, festivalin son g\u00fcn\u00fcnde saat 14.00\u2019te alanda 2 ton hamsi pi\u015firilerek vatanda\u015flara \u00fccretsiz olarak ikram edilecek.<br \/><\/p>\n","protected":false},"excerpt":{"rendered":"<p>Ku\u015fadas\u0131\u2019nda \u2019Karadeniz G\u00fcnleri 2. Hamsi Festivali\u2019 ba\u015flad\u0131. Karadeniz y\u00f6resine ait birbirinden farkl\u0131 yiyecek ve y\u00f6resel k\u0131yafetlerin sat\u0131\u015f\u0131n\u0131n yap\u0131ld\u0131\u011f\u0131 etkinlik 4 g\u00fcn boyunca devam edecek. Festivalin son g\u00fcn\u00fc ise 2 ton hamsi pi\u015firilip, \u00fccretsiz olarak da\u011f\u0131t\u0131lacak. Ku\u015fadas\u0131 Belediyesi ve Karadeniz K\u00fclt\u00fcr ve Folklor Derne\u011fi i\u015f birli\u011fi ile d\u00fczenlenen Ku\u015fadas\u0131 Karadeniz G\u00fcnleri 2. Hamsi Festivali \u0130smail Cem&#8230;<\/p>\n","protected":false},"author":1,"featured_media":9778,"comment_status":"open","ping_status":"open","sticky":false,"template":"","format":"standard","meta":{"_crdt_document":"","footnotes":""},"categories":[1],"tags":[],"class_list":["post-9777","post","type-post","status-publish","format-standard","has-post-thumbnail","hentry","category-guncel"],"_links":{"self":[{"href":"https:\/\/www.egemtv.com\/index.php?rest_route=\/wp\/v2\/posts\/9777","targetHints":{"allow":["GET"]}}],"collection":[{"href":"https:\/\/www.egemtv.com\/index.php?rest_route=\/wp\/v2\/posts"}],"about":[{"href":"https:\/\/www.egemtv.com\/index.php?rest_route=\/wp\/v2\/types\/post"}],"author":[{"embeddable":true,"href":"https:\/\/www.egemtv.com\/index.php?rest_route=\/wp\/v2\/users\/1"}],"replies":[{"embeddable":true,"href":"https:\/\/www.egemtv.com\/index.php?rest_route=%2Fwp%2Fv2%2Fcomments&post=9777"}],"version-history":[{"count":1,"href":"https:\/\/www.egemtv.com\/index.php?rest_route=\/wp\/v2\/posts\/9777\/revisions"}],"predecessor-version":[{"id":9779,"href":"https:\/\/www.egemtv.com\/index.php?rest_route=\/wp\/v2\/posts\/9777\/revisions\/9779"}],"wp:featuredmedia":[{"embeddable":true,"href":"https:\/\/www.egemtv.com\/index.php?rest_route=\/wp\/v2\/media\/9778"}],"wp:attachment":[{"href":"https:\/\/www.egemtv.com\/index.php?rest_route=%2Fwp%2Fv2%2Fmedia&parent=9777"}],"wp:term":[{"taxonomy":"category","embeddable":true,"href":"https:\/\/www.egemtv.com\/index.php?rest_route=%2Fwp%2Fv2%2Fcategories&post=9777"},{"taxonomy":"post_tag","embeddable":true,"href":"https:\/\/www.egemtv.com\/index.php?rest_route=%2Fwp%2Fv2%2Ftags&post=9777"}],"curies":[{"name":"wp","href":"https:\/\/api.w.org\/{rel}","templated":true}]}}