{"id":9771,"date":"2025-01-17T03:04:08","date_gmt":"2025-01-17T00:04:08","guid":{"rendered":"https:\/\/www.egemtv.com\/?p=9771"},"modified":"2025-01-17T03:04:10","modified_gmt":"2025-01-17T00:04:10","slug":"otomobil-ile-isci-servisi-carpisti-1i-agir-28-yarali","status":"publish","type":"post","link":"https:\/\/www.egemtv.com\/?p=9771","title":{"rendered":"Otomobil ile i\u015f\u00e7i servisi \u00e7arp\u0131\u015ft\u0131: 1\u2019i a\u011f\u0131r, 28 yaral\u0131"},"content":{"rendered":"<p>U\u015fak\u2019ta otomobil ile i\u015f\u00e7i servisin \u00e7arp\u0131\u015fmas\u0131 sonucu meydana gelen kazada 1\u2019i a\u011f\u0131r 28 ki\u015fi yaraland\u0131.<br \/>\n<br \/>Edinilen bilgilere g\u00f6re, U\u015fak-\u0130zmir Karayolu \u00fczerinde seyir halinde olan H.Y. idaresindeki 35 Z 3335 plakal\u0131 otomobil Gediz Kav\u015fa\u011f\u0131\u2019na geldi\u011finde, ayn\u0131 istikamette ilerleyen B.P. y\u00f6netimindeki 64 S 0342 plakal\u0131 i\u015f\u00e7i servisine arkadan \u00e7arpt\u0131. \u00c7arpman\u0131n etkisiyle otomobil savrulurken, i\u015f\u00e7i servisi ise yan yatt\u0131. \u00c7evredeki vatanda\u015flar\u0131n ihbar\u0131 \u00fczerine b\u00f6lgeye \u00e7ok say\u0131da 112 Sa\u011fl\u0131k, itfaiye, AFAD, jandarma ve polis ekipleri sevk edildi. 112 Sa\u011fl\u0131k ekiplerince s\u00fcr\u00fcc\u00fcler, otomobilde yolcu konumunda bulunan 2 ki\u015fi ve i\u015f\u00e7i servisinde bulunan 24 i\u015f\u00e7i ise kentteki hastanelere kald\u0131r\u0131ld\u0131.<br \/>\n<br \/>Olay yerine U\u015fak Valisi Naci Akta\u015f gelerek, \u0130l Jandarma Komutan\u0131 K\u0131demli Albay Fahri Semiz\u2019den ve AFAD \u0130l M\u00fcd\u00fcr\u00fc Burak Edin\u2019den bilgi ald\u0131. Burada gazetecilere a\u00e7\u0131klamalarda bulunan Vali Akta\u015f, \u201cKazada servis arac\u0131nda bulunan 25 vatanda\u015f\u0131m\u0131z, otomobilde bulunan 3 vatanda\u015f\u0131m\u0131z olmak \u00fczere 28 vatanda\u015f\u0131m\u0131z yaraland\u0131. \u015eu an itibariyle yaral\u0131lar\u0131n tamam\u0131n\u0131n hastanelerimize sevki sa\u011fland\u0131. Arkada\u015flar\u0131m\u0131z\u0131n verdi\u011fi bilgiye g\u00f6re 1 yaral\u0131n\u0131n durumu a\u011f\u0131r g\u00f6r\u00fcn\u00fcyor. Herhangi bir \u00f6l\u00fc bilgimiz \u015fu an itibariyle yok. Yaral\u0131lar\u0131n tamam\u0131na ge\u00e7mi\u015f olsun diliyorum\u201d dedi.<\/p>\n<p>Vali Akta\u015f ard\u0131ndan U\u015fak E\u011fitim ve Ara\u015ft\u0131rma Hastanesi\u2019ne ge\u00e7erek yaral\u0131lar\u0131n sa\u011fl\u0131k durumu hakk\u0131nda, U\u015fak E\u011fitim ve Ara\u015ft\u0131rma Hastanesi Ba\u015fhekimi Do\u00e7. Dr. Tar\u0131k Acar\u2019dan bilgi ald\u0131. Ard\u0131ndan Vali Akta\u015f, yaral\u0131lara ge\u00e7mi\u015f olsun dileklerini ileterek yaral\u0131lar\u0131n yak\u0131nlara ise yaral\u0131lar hakk\u0131nda bilgi verdi.<br \/>\n<br \/>\u00d6te yandan i\u015f\u00e7i servisinin U\u015fak Tekstil Organize Sanayi B\u00f6lgesi\u2019ne gece vardiyas\u0131nda \u00e7al\u0131\u015fan i\u015f\u00e7ileri g\u00f6t\u00fcrd\u00fc\u011f\u00fc \u00f6\u011frenildi.<br \/>\n<br \/>Kazayla ilgili soru\u015fturma ba\u015flat\u0131ld\u0131.<br \/><\/p>\n","protected":false},"excerpt":{"rendered":"<p>U\u015fak\u2019ta otomobil ile i\u015f\u00e7i servisin \u00e7arp\u0131\u015fmas\u0131 sonucu meydana gelen kazada 1\u2019i a\u011f\u0131r 28 ki\u015fi yaraland\u0131. Edinilen bilgilere g\u00f6re, U\u015fak-\u0130zmir Karayolu \u00fczerinde seyir halinde olan H.Y. idaresindeki 35 Z 3335 plakal\u0131 otomobil Gediz Kav\u015fa\u011f\u0131\u2019na geldi\u011finde, ayn\u0131 istikamette ilerleyen B.P. y\u00f6netimindeki 64 S 0342 plakal\u0131 i\u015f\u00e7i servisine arkadan \u00e7arpt\u0131. \u00c7arpman\u0131n etkisiyle otomobil savrulurken, i\u015f\u00e7i servisi ise yan&#8230;<\/p>\n","protected":false},"author":1,"featured_media":9772,"comment_status":"open","ping_status":"open","sticky":false,"template":"","format":"standard","meta":{"_crdt_document":"","footnotes":""},"categories":[5],"tags":[],"class_list":["post-9771","post","type-post","status-publish","format-standard","has-post-thumbnail","hentry","category-asayis"],"_links":{"self":[{"href":"https:\/\/www.egemtv.com\/index.php?rest_route=\/wp\/v2\/posts\/9771","targetHints":{"allow":["GET"]}}],"collection":[{"href":"https:\/\/www.egemtv.com\/index.php?rest_route=\/wp\/v2\/posts"}],"about":[{"href":"https:\/\/www.egemtv.com\/index.php?rest_route=\/wp\/v2\/types\/post"}],"author":[{"embeddable":true,"href":"https:\/\/www.egemtv.com\/index.php?rest_route=\/wp\/v2\/users\/1"}],"replies":[{"embeddable":true,"href":"https:\/\/www.egemtv.com\/index.php?rest_route=%2Fwp%2Fv2%2Fcomments&post=9771"}],"version-history":[{"count":1,"href":"https:\/\/www.egemtv.com\/index.php?rest_route=\/wp\/v2\/posts\/9771\/revisions"}],"predecessor-version":[{"id":9773,"href":"https:\/\/www.egemtv.com\/index.php?rest_route=\/wp\/v2\/posts\/9771\/revisions\/9773"}],"wp:featuredmedia":[{"embeddable":true,"href":"https:\/\/www.egemtv.com\/index.php?rest_route=\/wp\/v2\/media\/9772"}],"wp:attachment":[{"href":"https:\/\/www.egemtv.com\/index.php?rest_route=%2Fwp%2Fv2%2Fmedia&parent=9771"}],"wp:term":[{"taxonomy":"category","embeddable":true,"href":"https:\/\/www.egemtv.com\/index.php?rest_route=%2Fwp%2Fv2%2Fcategories&post=9771"},{"taxonomy":"post_tag","embeddable":true,"href":"https:\/\/www.egemtv.com\/index.php?rest_route=%2Fwp%2Fv2%2Ftags&post=9771"}],"curies":[{"name":"wp","href":"https:\/\/api.w.org\/{rel}","templated":true}]}}