{"id":9765,"date":"2025-01-16T22:58:03","date_gmt":"2025-01-16T19:58:03","guid":{"rendered":"https:\/\/www.egemtv.com\/?p=9765"},"modified":"2025-01-16T22:58:05","modified_gmt":"2025-01-16T19:58:05","slug":"kusadasi-balikcilar-kahvesinde-yenileme-calismalari-basladi","status":"publish","type":"post","link":"https:\/\/www.egemtv.com\/?p=9765","title":{"rendered":"Ku\u015fadas\u0131 Bal\u0131k\u00e7\u0131lar Kahvesi\u2019nde yenileme \u00e7al\u0131\u015fmalar\u0131 ba\u015flad\u0131"},"content":{"rendered":"<p>Ku\u015fadas\u0131 Belediyesi, kentin simge mekanlar\u0131ndan olan Bal\u0131k\u00e7\u0131lar Kahvesi\u2019nde yenileme \u00e7al\u0131\u015fmalar\u0131na ba\u015flad\u0131. K\u0131sa s\u00fcrede tamamlanacak \u00e7al\u0131\u015fmayla Bal\u0131k\u00e7\u0131lar Kahvesi, ARYA A.\u015e b\u00fcnyesinde, p\u0131r\u0131l p\u0131r\u0131l bir tesis olarak kente kazand\u0131r\u0131lacak.<\/p>\n<p>Dan\u0131\u015ftay 13\u2019\u00fcnc\u00fc Dairesi, ge\u00e7ti\u011fimiz aylarda, Bal\u0131k\u00e7\u0131lar Kahvesi ile ilgili S.S. Su \u00dcr\u00fcnleri Kooperatifi\u2019nin m\u00fclk \u00fczerinde herhangi bir hakk\u0131n\u0131n olmad\u0131\u011f\u0131na h\u00fckmetmi\u015f ve yasal s\u00fcre\u00e7 netlik kazanm\u0131\u015ft\u0131. Karar\u0131n ard\u0131ndan Ba\u015fkan \u00d6mer G\u00fcnel\u2019in talimat\u0131 ile Ku\u015fadas\u0131 Belediyesi Ekipleri Bal\u0131k\u00e7\u0131lar Kahvesi\u2019ni yenilemek i\u00e7in harekete ge\u00e7ti. Bu kapsamda alanda ger\u00e7ekle\u015ftirilecek y\u0131k\u0131m i\u00e7in anla\u015fmaya var\u0131lan uzman ekip \u00e7al\u0131\u015fmalar\u0131na ba\u015flad\u0131. Alt kattaki esnaf\u0131n en ufak bir zarar g\u00f6rmemesi i\u00e7in b\u00fcy\u00fck bir titizlik i\u00e7erisinde y\u00fcr\u00fct\u00fclecek yenileme projesi k\u0131sa s\u00fcrede tamamlanacak. B\u00f6ylece Ku\u015fadas\u0131\u2019n\u0131n simge mekanlar\u0131ndan biri olan Bal\u0131k\u00e7\u0131lar Kahvesi, modern y\u00fcz\u00fcyle yepyeni bir i\u015fletme olarak ARYA A.\u015e b\u00fcnyesinde Ku\u015fadal\u0131lar\u0131n hizmetinde olacak.<\/p>\n<p>Ku\u015fadas\u0131 Belediye Ba\u015fkan\u0131 \u00d6mer G\u00fcnel Ku\u015fadas\u0131\u2019na yak\u0131\u015f\u0131r modern bir bal\u0131k\u00e7\u0131lar kahvesini yak\u0131n zamanda kente kazand\u0131racaklar\u0131n\u0131 belirterek, &#8220;Ku\u015fadas\u0131\u2019n\u0131n simgelerinden biri olan Bal\u0131k\u00e7\u0131lar Kahvesi yeni modern yap\u0131s\u0131 ve hizmet anlay\u0131\u015f\u0131 ile Arya A.\u015e i\u015fletmesinde \u00e7ok yak\u0131nda hizmete ba\u015flayacakt\u0131r. Bug\u00fcne kadar kentimize kazand\u0131rd\u0131\u011f\u0131m\u0131z t\u00fcm projelerde oldu\u011fu gibi yeni bal\u0131k\u00e7\u0131lar kahvesi de hem\u015fehrilerimiz ve kentimize gelen yerli ve yabanc\u0131 turistler i\u00e7in bir cazibe merkezi olacakt\u0131r&#8221; dedi.<br \/><\/p>\n","protected":false},"excerpt":{"rendered":"<p>Ku\u015fadas\u0131 Belediyesi, kentin simge mekanlar\u0131ndan olan Bal\u0131k\u00e7\u0131lar Kahvesi\u2019nde yenileme \u00e7al\u0131\u015fmalar\u0131na ba\u015flad\u0131. K\u0131sa s\u00fcrede tamamlanacak \u00e7al\u0131\u015fmayla Bal\u0131k\u00e7\u0131lar Kahvesi, ARYA A.\u015e b\u00fcnyesinde, p\u0131r\u0131l p\u0131r\u0131l bir tesis olarak kente kazand\u0131r\u0131lacak. Dan\u0131\u015ftay 13\u2019\u00fcnc\u00fc Dairesi, ge\u00e7ti\u011fimiz aylarda, Bal\u0131k\u00e7\u0131lar Kahvesi ile ilgili S.S. Su \u00dcr\u00fcnleri Kooperatifi\u2019nin m\u00fclk \u00fczerinde herhangi bir hakk\u0131n\u0131n olmad\u0131\u011f\u0131na h\u00fckmetmi\u015f ve yasal s\u00fcre\u00e7 netlik kazanm\u0131\u015ft\u0131. Karar\u0131n ard\u0131ndan Ba\u015fkan&#8230;<\/p>\n","protected":false},"author":1,"featured_media":9766,"comment_status":"open","ping_status":"open","sticky":false,"template":"","format":"standard","meta":{"_crdt_document":"","footnotes":""},"categories":[1],"tags":[],"class_list":["post-9765","post","type-post","status-publish","format-standard","has-post-thumbnail","hentry","category-guncel"],"_links":{"self":[{"href":"https:\/\/www.egemtv.com\/index.php?rest_route=\/wp\/v2\/posts\/9765","targetHints":{"allow":["GET"]}}],"collection":[{"href":"https:\/\/www.egemtv.com\/index.php?rest_route=\/wp\/v2\/posts"}],"about":[{"href":"https:\/\/www.egemtv.com\/index.php?rest_route=\/wp\/v2\/types\/post"}],"author":[{"embeddable":true,"href":"https:\/\/www.egemtv.com\/index.php?rest_route=\/wp\/v2\/users\/1"}],"replies":[{"embeddable":true,"href":"https:\/\/www.egemtv.com\/index.php?rest_route=%2Fwp%2Fv2%2Fcomments&post=9765"}],"version-history":[{"count":1,"href":"https:\/\/www.egemtv.com\/index.php?rest_route=\/wp\/v2\/posts\/9765\/revisions"}],"predecessor-version":[{"id":9767,"href":"https:\/\/www.egemtv.com\/index.php?rest_route=\/wp\/v2\/posts\/9765\/revisions\/9767"}],"wp:featuredmedia":[{"embeddable":true,"href":"https:\/\/www.egemtv.com\/index.php?rest_route=\/wp\/v2\/media\/9766"}],"wp:attachment":[{"href":"https:\/\/www.egemtv.com\/index.php?rest_route=%2Fwp%2Fv2%2Fmedia&parent=9765"}],"wp:term":[{"taxonomy":"category","embeddable":true,"href":"https:\/\/www.egemtv.com\/index.php?rest_route=%2Fwp%2Fv2%2Fcategories&post=9765"},{"taxonomy":"post_tag","embeddable":true,"href":"https:\/\/www.egemtv.com\/index.php?rest_route=%2Fwp%2Fv2%2Ftags&post=9765"}],"curies":[{"name":"wp","href":"https:\/\/api.w.org\/{rel}","templated":true}]}}