{"id":9762,"date":"2025-01-16T21:49:11","date_gmt":"2025-01-16T18:49:11","guid":{"rendered":"https:\/\/www.egemtv.com\/?p=9762"},"modified":"2025-01-16T21:49:14","modified_gmt":"2025-01-16T18:49:14","slug":"kutahyada-filistinli-ogrenciler-ateskesi-kutladi","status":"publish","type":"post","link":"https:\/\/www.egemtv.com\/?p=9762","title":{"rendered":"K\u00fctahya\u2019da Filistinli \u00f6\u011frenciler ate\u015fkesi kutlad\u0131"},"content":{"rendered":"<p>K\u00fctahya\u2019daki Filistinli gen\u00e7ler, Hamas ve \u0130srail aras\u0131nda yap\u0131lan ate\u015fkes anla\u015fmas\u0131n\u0131 kutlad\u0131.<br \/>\n<br \/>Vazo Meydan\u0131nda hem kutlama hem de bas\u0131n a\u00e7\u0131klamas\u0131 yapmak i\u00e7in toplanan gen\u00e7ler, ellerinde T\u00fcrk bayraklar\u0131 ve Filistin bayraklar\u0131 ile sloganlar att\u0131. \u015eehitler i\u00e7in yap\u0131lan duan\u0131n ard\u0131ndan a\u00e7\u0131klama yapan K\u00fctahya Uluslararas\u0131 \u00d6\u011frenci Derne\u011fi Ba\u015fkan\u0131 Sebahattin Ceyhun, ate\u015fkesin ard\u0131ndan Gazze\u2019de kapsaml\u0131 bir imar s\u00fcrecinin ba\u015flayaca\u011f\u0131n\u0131, \u0130srail\u2019in Gazze\u2019den \u00e7ekilmesi sonras\u0131nda, sa\u011fl\u0131k hizmetlerinin yeniden yap\u0131land\u0131r\u0131lmas\u0131n\u0131n b\u00fcy\u00fck \u00f6nem ta\u015f\u0131d\u0131\u011f\u0131n\u0131 s\u00f6yledi. Ceyhun, &#8220;\u015eu anda Gazze\u2019de yaln\u0131zca bir hastane faaliyet g\u00f6steriyor ve ciddi bir malzeme s\u0131k\u0131nt\u0131s\u0131 ya\u015fan\u0131yor. Bizde sivil toplum \u00f6rg\u00fctleri olarak, burada 9 sa\u011fl\u0131k oca\u011f\u0131 kurduk ve ila\u00e7 temin etmeye \u00e7al\u0131\u015f\u0131yoruz. Ama \u00f6rne\u011fin, D vitamini bile bulam\u0131yoruz. Gazze\u2019deki sa\u011fl\u0131k durumunun acilen iyile\u015ftirilmesi gerekiyor&#8221; dedi.<br \/>\n<br \/>7 Ekim\u2019deki sald\u0131r\u0131lar\u0131n, t\u00fcm d\u00fcnyada insanlar\u0131n Filistin halk\u0131n\u0131n ya\u015fad\u0131\u011f\u0131 zulm\u00fc \u00f6\u011frenmesine sebep oldu\u011funu belirten Ceyhun, &#8220;Bu ate\u015fkes, kesinlikle bir zafer de\u011fil. Ama Filistinliler i\u00e7in bir ba\u015flang\u0131\u00e7t\u0131r. 50 bin insan\u0131m\u0131z\u0131 kaybettik. 73 ki\u015fi bug\u00fcn \u015fehit oldu. Ama bu, Filistin\u2019in nihai zaferine giden yolda bir ad\u0131m daha. Bizler, Gazze\u2019deki karde\u015flerimizin haklar\u0131 i\u00e7in sava\u015fa devam edece\u011fiz. Filistin halk\u0131, yaln\u0131z de\u011fildir. Bu m\u00fccadelenin sonunda zafer, eninde sonunda Filistinlilerin olacakt\u0131r. D\u00fcnya, art\u0131k Filistin halk\u0131n\u0131n hakl\u0131 m\u00fccadelesini daha iyi anl\u0131yor ve destekliyor&#8221; diye konu\u015ftu.<br \/><\/p>\n","protected":false},"excerpt":{"rendered":"<p>K\u00fctahya\u2019daki Filistinli gen\u00e7ler, Hamas ve \u0130srail aras\u0131nda yap\u0131lan ate\u015fkes anla\u015fmas\u0131n\u0131 kutlad\u0131. Vazo Meydan\u0131nda hem kutlama hem de bas\u0131n a\u00e7\u0131klamas\u0131 yapmak i\u00e7in toplanan gen\u00e7ler, ellerinde T\u00fcrk bayraklar\u0131 ve Filistin bayraklar\u0131 ile sloganlar att\u0131. \u015eehitler i\u00e7in yap\u0131lan duan\u0131n ard\u0131ndan a\u00e7\u0131klama yapan K\u00fctahya Uluslararas\u0131 \u00d6\u011frenci Derne\u011fi Ba\u015fkan\u0131 Sebahattin Ceyhun, ate\u015fkesin ard\u0131ndan Gazze\u2019de kapsaml\u0131 bir imar s\u00fcrecinin ba\u015flayaca\u011f\u0131n\u0131, \u0130srail\u2019in&#8230;<\/p>\n","protected":false},"author":1,"featured_media":9763,"comment_status":"open","ping_status":"open","sticky":false,"template":"","format":"standard","meta":{"_crdt_document":"","footnotes":""},"categories":[127],"tags":[],"class_list":["post-9762","post","type-post","status-publish","format-standard","has-post-thumbnail","hentry","category-siyaset"],"_links":{"self":[{"href":"https:\/\/www.egemtv.com\/index.php?rest_route=\/wp\/v2\/posts\/9762","targetHints":{"allow":["GET"]}}],"collection":[{"href":"https:\/\/www.egemtv.com\/index.php?rest_route=\/wp\/v2\/posts"}],"about":[{"href":"https:\/\/www.egemtv.com\/index.php?rest_route=\/wp\/v2\/types\/post"}],"author":[{"embeddable":true,"href":"https:\/\/www.egemtv.com\/index.php?rest_route=\/wp\/v2\/users\/1"}],"replies":[{"embeddable":true,"href":"https:\/\/www.egemtv.com\/index.php?rest_route=%2Fwp%2Fv2%2Fcomments&post=9762"}],"version-history":[{"count":1,"href":"https:\/\/www.egemtv.com\/index.php?rest_route=\/wp\/v2\/posts\/9762\/revisions"}],"predecessor-version":[{"id":9764,"href":"https:\/\/www.egemtv.com\/index.php?rest_route=\/wp\/v2\/posts\/9762\/revisions\/9764"}],"wp:featuredmedia":[{"embeddable":true,"href":"https:\/\/www.egemtv.com\/index.php?rest_route=\/wp\/v2\/media\/9763"}],"wp:attachment":[{"href":"https:\/\/www.egemtv.com\/index.php?rest_route=%2Fwp%2Fv2%2Fmedia&parent=9762"}],"wp:term":[{"taxonomy":"category","embeddable":true,"href":"https:\/\/www.egemtv.com\/index.php?rest_route=%2Fwp%2Fv2%2Fcategories&post=9762"},{"taxonomy":"post_tag","embeddable":true,"href":"https:\/\/www.egemtv.com\/index.php?rest_route=%2Fwp%2Fv2%2Ftags&post=9762"}],"curies":[{"name":"wp","href":"https:\/\/api.w.org\/{rel}","templated":true}]}}