{"id":9759,"date":"2025-01-16T20:19:05","date_gmt":"2025-01-16T17:19:05","guid":{"rendered":"https:\/\/www.egemtv.com\/?p=9759"},"modified":"2025-01-16T20:19:07","modified_gmt":"2025-01-16T17:19:07","slug":"sokakta-tufekle-rastgele-ates-acti-yakalanma-ani-kamerada","status":"publish","type":"post","link":"https:\/\/www.egemtv.com\/?p=9759","title":{"rendered":"Sokakta t\u00fcfekle rastgele ate\u015f a\u00e7t\u0131: Yakalanma an\u0131 kamerada"},"content":{"rendered":"<p>\u0130zmir\u2019in Kar\u015f\u0131yaka il\u00e7esinde elindeki pompal\u0131 t\u00fcfekle rastgele ate\u015f a\u00e7an sald\u0131rgan, polis ekipleri taraf\u0131ndan k\u0131sa s\u00fcrede yakaland\u0131. O anlar kameralar taraf\u0131ndan g\u00f6r\u00fcnt\u00fclendi.<br \/>\n<br \/>Olay, Cumhuriyet Mahallesi Pazaryeri yak\u0131n\u0131nda meydana geldi. E.\u00c7. adl\u0131 sald\u0131rgan elindeki pompal\u0131 t\u00fcfekle sokakta rastgele ate\u015f a\u00e7t\u0131. Sesleri duyan vatanda\u015flar\u0131n ihbar\u0131 \u00fczerine Kar\u015f\u0131yaka \u0130l\u00e7e Emniyet M\u00fcd\u00fcrl\u00fc\u011f\u00fc ekipleri k\u0131sa s\u00fcrede olay yerine gelerek E.\u00c7.\u2019yi yakalad\u0131.<br \/>\n<br \/>Yap\u0131lan \u00fcst aramas\u0131nda beyzbol sopas\u0131 da bulunan sald\u0131rgan\u0131 \u00e7ok say\u0131da su\u00e7 kayd\u0131 oldu\u011fu da ortaya \u00e7\u0131kt\u0131. G\u00f6zalt\u0131na al\u0131nan pompal\u0131 t\u00fcfekli sald\u0131rgan, ifadesi al\u0131nmak \u00fczere polis merkezine g\u00f6t\u00fcr\u00fcld\u00fc. \u00d6te yandan, \u015fahs\u0131n polis ekipleri taraf\u0131ndan yakaland\u0131\u011f\u0131 anlar kameraya yans\u0131d\u0131.<br \/><\/p>\n","protected":false},"excerpt":{"rendered":"<p>\u0130zmir\u2019in Kar\u015f\u0131yaka il\u00e7esinde elindeki pompal\u0131 t\u00fcfekle rastgele ate\u015f a\u00e7an sald\u0131rgan, polis ekipleri taraf\u0131ndan k\u0131sa s\u00fcrede yakaland\u0131. O anlar kameralar taraf\u0131ndan g\u00f6r\u00fcnt\u00fclendi. Olay, Cumhuriyet Mahallesi Pazaryeri yak\u0131n\u0131nda meydana geldi. E.\u00c7. adl\u0131 sald\u0131rgan elindeki pompal\u0131 t\u00fcfekle sokakta rastgele ate\u015f a\u00e7t\u0131. Sesleri duyan vatanda\u015flar\u0131n ihbar\u0131 \u00fczerine Kar\u015f\u0131yaka \u0130l\u00e7e Emniyet M\u00fcd\u00fcrl\u00fc\u011f\u00fc ekipleri k\u0131sa s\u00fcrede olay yerine gelerek E.\u00c7.\u2019yi yakalad\u0131&#8230;.<\/p>\n","protected":false},"author":1,"featured_media":9760,"comment_status":"open","ping_status":"open","sticky":false,"template":"","format":"standard","meta":{"_crdt_document":"","footnotes":""},"categories":[5],"tags":[],"class_list":["post-9759","post","type-post","status-publish","format-standard","has-post-thumbnail","hentry","category-asayis"],"_links":{"self":[{"href":"https:\/\/www.egemtv.com\/index.php?rest_route=\/wp\/v2\/posts\/9759","targetHints":{"allow":["GET"]}}],"collection":[{"href":"https:\/\/www.egemtv.com\/index.php?rest_route=\/wp\/v2\/posts"}],"about":[{"href":"https:\/\/www.egemtv.com\/index.php?rest_route=\/wp\/v2\/types\/post"}],"author":[{"embeddable":true,"href":"https:\/\/www.egemtv.com\/index.php?rest_route=\/wp\/v2\/users\/1"}],"replies":[{"embeddable":true,"href":"https:\/\/www.egemtv.com\/index.php?rest_route=%2Fwp%2Fv2%2Fcomments&post=9759"}],"version-history":[{"count":1,"href":"https:\/\/www.egemtv.com\/index.php?rest_route=\/wp\/v2\/posts\/9759\/revisions"}],"predecessor-version":[{"id":9761,"href":"https:\/\/www.egemtv.com\/index.php?rest_route=\/wp\/v2\/posts\/9759\/revisions\/9761"}],"wp:featuredmedia":[{"embeddable":true,"href":"https:\/\/www.egemtv.com\/index.php?rest_route=\/wp\/v2\/media\/9760"}],"wp:attachment":[{"href":"https:\/\/www.egemtv.com\/index.php?rest_route=%2Fwp%2Fv2%2Fmedia&parent=9759"}],"wp:term":[{"taxonomy":"category","embeddable":true,"href":"https:\/\/www.egemtv.com\/index.php?rest_route=%2Fwp%2Fv2%2Fcategories&post=9759"},{"taxonomy":"post_tag","embeddable":true,"href":"https:\/\/www.egemtv.com\/index.php?rest_route=%2Fwp%2Fv2%2Ftags&post=9759"}],"curies":[{"name":"wp","href":"https:\/\/api.w.org\/{rel}","templated":true}]}}