{"id":9756,"date":"2025-01-16T20:15:58","date_gmt":"2025-01-16T17:15:58","guid":{"rendered":"https:\/\/www.egemtv.com\/?p=9756"},"modified":"2025-01-16T20:16:01","modified_gmt":"2025-01-16T17:16:01","slug":"izmirde-41-yil-hapis-cezasiyla-aranan-zanli-atvli-kadin-polislerinden-kacamadi","status":"publish","type":"post","link":"https:\/\/www.egemtv.com\/?p=9756","title":{"rendered":"\u0130zmir\u2019de 41 y\u0131l hapis cezas\u0131yla aranan zanl\u0131, ATV\u2019li kad\u0131n polislerinden ka\u00e7amad\u0131"},"content":{"rendered":"<p>\u0130zmir\u2019in Kar\u015f\u0131yaka il\u00e7esinde g\u00f6rev alan ve ATV ara\u00e7lar\u0131yla devriye atan kad\u0131n polis ekipleri, 41 y\u0131l hapis cezas\u0131yla aranan firariyi yakalad\u0131.<br \/>\n<br \/>Kar\u015f\u0131yaka \u0130l\u00e7e Emniyet M\u00fcd\u00fcrl\u00fc\u011f\u00fcn\u00fcn ATV ara\u00e7lar\u0131yla devriye gezen ve \u00e7ar\u015f\u0131da uygulama yapan kad\u0131n polisleri, \u015f\u00fcphe \u00fczerine bir ki\u015fiyi durdurdu. Yap\u0131lan kimlik kontrol\u00fcnde A.K. oldu\u011fu \u00f6\u011frenilen \u015f\u00fcphelinin 41 y\u0131l hapis cezas\u0131yla arand\u0131\u011f\u0131 ortaya \u00e7\u0131kt\u0131. Polisler taraf\u0131ndan g\u00f6zalt\u0131na al\u0131nan zanl\u0131, cezaevine teslim edildi.<br \/><\/p>\n","protected":false},"excerpt":{"rendered":"<p>\u0130zmir\u2019in Kar\u015f\u0131yaka il\u00e7esinde g\u00f6rev alan ve ATV ara\u00e7lar\u0131yla devriye atan kad\u0131n polis ekipleri, 41 y\u0131l hapis cezas\u0131yla aranan firariyi yakalad\u0131. Kar\u015f\u0131yaka \u0130l\u00e7e Emniyet M\u00fcd\u00fcrl\u00fc\u011f\u00fcn\u00fcn ATV ara\u00e7lar\u0131yla devriye gezen ve \u00e7ar\u015f\u0131da uygulama yapan kad\u0131n polisleri, \u015f\u00fcphe \u00fczerine bir ki\u015fiyi durdurdu. Yap\u0131lan kimlik kontrol\u00fcnde A.K. oldu\u011fu \u00f6\u011frenilen \u015f\u00fcphelinin 41 y\u0131l hapis cezas\u0131yla arand\u0131\u011f\u0131 ortaya \u00e7\u0131kt\u0131. Polisler taraf\u0131ndan&#8230;<\/p>\n","protected":false},"author":1,"featured_media":9757,"comment_status":"open","ping_status":"open","sticky":false,"template":"","format":"standard","meta":{"_crdt_document":"","footnotes":""},"categories":[5],"tags":[],"class_list":["post-9756","post","type-post","status-publish","format-standard","has-post-thumbnail","hentry","category-asayis"],"_links":{"self":[{"href":"https:\/\/www.egemtv.com\/index.php?rest_route=\/wp\/v2\/posts\/9756","targetHints":{"allow":["GET"]}}],"collection":[{"href":"https:\/\/www.egemtv.com\/index.php?rest_route=\/wp\/v2\/posts"}],"about":[{"href":"https:\/\/www.egemtv.com\/index.php?rest_route=\/wp\/v2\/types\/post"}],"author":[{"embeddable":true,"href":"https:\/\/www.egemtv.com\/index.php?rest_route=\/wp\/v2\/users\/1"}],"replies":[{"embeddable":true,"href":"https:\/\/www.egemtv.com\/index.php?rest_route=%2Fwp%2Fv2%2Fcomments&post=9756"}],"version-history":[{"count":1,"href":"https:\/\/www.egemtv.com\/index.php?rest_route=\/wp\/v2\/posts\/9756\/revisions"}],"predecessor-version":[{"id":9758,"href":"https:\/\/www.egemtv.com\/index.php?rest_route=\/wp\/v2\/posts\/9756\/revisions\/9758"}],"wp:featuredmedia":[{"embeddable":true,"href":"https:\/\/www.egemtv.com\/index.php?rest_route=\/wp\/v2\/media\/9757"}],"wp:attachment":[{"href":"https:\/\/www.egemtv.com\/index.php?rest_route=%2Fwp%2Fv2%2Fmedia&parent=9756"}],"wp:term":[{"taxonomy":"category","embeddable":true,"href":"https:\/\/www.egemtv.com\/index.php?rest_route=%2Fwp%2Fv2%2Fcategories&post=9756"},{"taxonomy":"post_tag","embeddable":true,"href":"https:\/\/www.egemtv.com\/index.php?rest_route=%2Fwp%2Fv2%2Ftags&post=9756"}],"curies":[{"name":"wp","href":"https:\/\/api.w.org\/{rel}","templated":true}]}}