{"id":9753,"date":"2025-01-16T19:04:00","date_gmt":"2025-01-16T16:04:00","guid":{"rendered":"https:\/\/www.egemtv.com\/?p=9753"},"modified":"2025-01-16T19:04:02","modified_gmt":"2025-01-16T16:04:02","slug":"ispartada-kadinlar-arasinda-sac-saca-kavga","status":"publish","type":"post","link":"https:\/\/www.egemtv.com\/?p=9753","title":{"rendered":"Isparta\u2019da kad\u0131nlar aras\u0131nda sa\u00e7 sa\u00e7a kavga"},"content":{"rendered":"<p>Isparta\u2019da iki kad\u0131n aras\u0131nda ya\u015fanan tart\u0131\u015fma k\u0131sa s\u00fcrede kavgaya d\u00f6n\u00fc\u015ft\u00fc. Kad\u0131nlar\u0131n sa\u00e7 sa\u00e7a kavgas\u0131 kameraya yans\u0131d\u0131.<br \/>\n<br \/>Olay, saat 17.15 s\u0131ralar\u0131nda Gazikemal Mahallesi Aksu Caddesi\u2019nde bulunan bir temizlik malzemesi satan i\u015fletmenin \u00f6n\u00fcnde meydana geldi. Edinilen bilgiye g\u00f6re, hen\u00fcz bilinmeyen bir nedenle iki kad\u0131n aras\u0131nda tart\u0131\u015fma \u00e7\u0131kt\u0131. Tart\u0131\u015fma k\u0131sa s\u00fcrede alevlenerek kavgaya d\u00f6n\u00fc\u015ft\u00fc. Kad\u0131nlar birbirlerine tekme tokat sald\u0131r\u0131rken, taraflardan birinin yere d\u00fc\u015fmesini f\u0131rsat bilen di\u011fer kad\u0131n sa\u00e7lar\u0131n\u0131 \u00e7ekip tekmelerle sald\u0131rmaya devam etti. Ya\u015fanan kavga, bir vatanda\u015f\u0131n cep telefonu kameras\u0131na ve g\u00fcvenlik kameralar\u0131na saniye saniye yans\u0131d\u0131.<br \/><\/p>\n","protected":false},"excerpt":{"rendered":"<p>Isparta\u2019da iki kad\u0131n aras\u0131nda ya\u015fanan tart\u0131\u015fma k\u0131sa s\u00fcrede kavgaya d\u00f6n\u00fc\u015ft\u00fc. Kad\u0131nlar\u0131n sa\u00e7 sa\u00e7a kavgas\u0131 kameraya yans\u0131d\u0131. Olay, saat 17.15 s\u0131ralar\u0131nda Gazikemal Mahallesi Aksu Caddesi\u2019nde bulunan bir temizlik malzemesi satan i\u015fletmenin \u00f6n\u00fcnde meydana geldi. Edinilen bilgiye g\u00f6re, hen\u00fcz bilinmeyen bir nedenle iki kad\u0131n aras\u0131nda tart\u0131\u015fma \u00e7\u0131kt\u0131. Tart\u0131\u015fma k\u0131sa s\u00fcrede alevlenerek kavgaya d\u00f6n\u00fc\u015ft\u00fc. Kad\u0131nlar birbirlerine tekme tokat&#8230;<\/p>\n","protected":false},"author":1,"featured_media":9754,"comment_status":"open","ping_status":"open","sticky":false,"template":"","format":"standard","meta":{"_crdt_document":"","footnotes":""},"categories":[5],"tags":[],"class_list":["post-9753","post","type-post","status-publish","format-standard","has-post-thumbnail","hentry","category-asayis"],"_links":{"self":[{"href":"https:\/\/www.egemtv.com\/index.php?rest_route=\/wp\/v2\/posts\/9753","targetHints":{"allow":["GET"]}}],"collection":[{"href":"https:\/\/www.egemtv.com\/index.php?rest_route=\/wp\/v2\/posts"}],"about":[{"href":"https:\/\/www.egemtv.com\/index.php?rest_route=\/wp\/v2\/types\/post"}],"author":[{"embeddable":true,"href":"https:\/\/www.egemtv.com\/index.php?rest_route=\/wp\/v2\/users\/1"}],"replies":[{"embeddable":true,"href":"https:\/\/www.egemtv.com\/index.php?rest_route=%2Fwp%2Fv2%2Fcomments&post=9753"}],"version-history":[{"count":1,"href":"https:\/\/www.egemtv.com\/index.php?rest_route=\/wp\/v2\/posts\/9753\/revisions"}],"predecessor-version":[{"id":9755,"href":"https:\/\/www.egemtv.com\/index.php?rest_route=\/wp\/v2\/posts\/9753\/revisions\/9755"}],"wp:featuredmedia":[{"embeddable":true,"href":"https:\/\/www.egemtv.com\/index.php?rest_route=\/wp\/v2\/media\/9754"}],"wp:attachment":[{"href":"https:\/\/www.egemtv.com\/index.php?rest_route=%2Fwp%2Fv2%2Fmedia&parent=9753"}],"wp:term":[{"taxonomy":"category","embeddable":true,"href":"https:\/\/www.egemtv.com\/index.php?rest_route=%2Fwp%2Fv2%2Fcategories&post=9753"},{"taxonomy":"post_tag","embeddable":true,"href":"https:\/\/www.egemtv.com\/index.php?rest_route=%2Fwp%2Fv2%2Ftags&post=9753"}],"curies":[{"name":"wp","href":"https:\/\/api.w.org\/{rel}","templated":true}]}}