{"id":9750,"date":"2025-01-16T19:00:53","date_gmt":"2025-01-16T16:00:53","guid":{"rendered":"https:\/\/www.egemtv.com\/?p=9750"},"modified":"2025-01-16T19:00:55","modified_gmt":"2025-01-16T16:00:55","slug":"marmariste-heyelan-karayolu-ulasima-kapandi","status":"publish","type":"post","link":"https:\/\/www.egemtv.com\/?p=9750","title":{"rendered":"Marmaris\u2019te heyelan: Karayolu ula\u015f\u0131ma kapaNd\u0131"},"content":{"rendered":"<p>Mu\u011fla\u2019n\u0131n Marmaris il\u00e7esinde meydana gelen heyelan nedeniyle karayolu ula\u015f\u0131ma kapand\u0131.<br \/>\n<br \/>Akta\u015f mevkiinde heyelan meydana geldi. Da\u011fdan kopan topraklar karayoluna yuvarland\u0131. Heyelan s\u0131ras\u0131nda yolda kimsenin olmamas\u0131 teselli kayna\u011f\u0131 olurken, heyelan\u0131n nedeniyle yol ula\u015f\u0131ma kapand\u0131. Vatanda\u015flar durumu 112 Acil \u00c7a\u011fr\u0131 Merkezi\u2019ne bildirdi. \u0130hbar \u00fczerine b\u00f6lgeye sevk edilen ekipler, toprak kaymas\u0131n\u0131n devam etti\u011fi b\u00f6lgede g\u00fcvenlik \u00f6nlemleri ald\u0131. Belediye ekipleri ise yolda temizleme \u00e7al\u0131\u015fmas\u0131 ba\u015flatt\u0131.<br \/><\/p>\n","protected":false},"excerpt":{"rendered":"<p>Mu\u011fla\u2019n\u0131n Marmaris il\u00e7esinde meydana gelen heyelan nedeniyle karayolu ula\u015f\u0131ma kapand\u0131. Akta\u015f mevkiinde heyelan meydana geldi. Da\u011fdan kopan topraklar karayoluna yuvarland\u0131. Heyelan s\u0131ras\u0131nda yolda kimsenin olmamas\u0131 teselli kayna\u011f\u0131 olurken, heyelan\u0131n nedeniyle yol ula\u015f\u0131ma kapand\u0131. Vatanda\u015flar durumu 112 Acil \u00c7a\u011fr\u0131 Merkezi\u2019ne bildirdi. \u0130hbar \u00fczerine b\u00f6lgeye sevk edilen ekipler, toprak kaymas\u0131n\u0131n devam etti\u011fi b\u00f6lgede g\u00fcvenlik \u00f6nlemleri ald\u0131. Belediye&#8230;<\/p>\n","protected":false},"author":1,"featured_media":9751,"comment_status":"open","ping_status":"open","sticky":false,"template":"","format":"standard","meta":{"_crdt_document":"","footnotes":""},"categories":[5],"tags":[],"class_list":["post-9750","post","type-post","status-publish","format-standard","has-post-thumbnail","hentry","category-asayis"],"_links":{"self":[{"href":"https:\/\/www.egemtv.com\/index.php?rest_route=\/wp\/v2\/posts\/9750","targetHints":{"allow":["GET"]}}],"collection":[{"href":"https:\/\/www.egemtv.com\/index.php?rest_route=\/wp\/v2\/posts"}],"about":[{"href":"https:\/\/www.egemtv.com\/index.php?rest_route=\/wp\/v2\/types\/post"}],"author":[{"embeddable":true,"href":"https:\/\/www.egemtv.com\/index.php?rest_route=\/wp\/v2\/users\/1"}],"replies":[{"embeddable":true,"href":"https:\/\/www.egemtv.com\/index.php?rest_route=%2Fwp%2Fv2%2Fcomments&post=9750"}],"version-history":[{"count":1,"href":"https:\/\/www.egemtv.com\/index.php?rest_route=\/wp\/v2\/posts\/9750\/revisions"}],"predecessor-version":[{"id":9752,"href":"https:\/\/www.egemtv.com\/index.php?rest_route=\/wp\/v2\/posts\/9750\/revisions\/9752"}],"wp:featuredmedia":[{"embeddable":true,"href":"https:\/\/www.egemtv.com\/index.php?rest_route=\/wp\/v2\/media\/9751"}],"wp:attachment":[{"href":"https:\/\/www.egemtv.com\/index.php?rest_route=%2Fwp%2Fv2%2Fmedia&parent=9750"}],"wp:term":[{"taxonomy":"category","embeddable":true,"href":"https:\/\/www.egemtv.com\/index.php?rest_route=%2Fwp%2Fv2%2Fcategories&post=9750"},{"taxonomy":"post_tag","embeddable":true,"href":"https:\/\/www.egemtv.com\/index.php?rest_route=%2Fwp%2Fv2%2Ftags&post=9750"}],"curies":[{"name":"wp","href":"https:\/\/api.w.org\/{rel}","templated":true}]}}