{"id":9747,"date":"2025-01-16T18:36:56","date_gmt":"2025-01-16T15:36:56","guid":{"rendered":"https:\/\/www.egemtv.com\/?p=9747"},"modified":"2025-01-16T18:36:58","modified_gmt":"2025-01-16T15:36:58","slug":"baskan-kirli-sofor-esnafinin-sorunlarini-genel-baskan-yiginere-anlatti","status":"publish","type":"post","link":"https:\/\/www.egemtv.com\/?p=9747","title":{"rendered":"Ba\u015fkan K\u0131rl\u0131 \u015fof\u00f6r esnaf\u0131n\u0131n sorunlar\u0131n\u0131 Genel Ba\u015fkan Yi\u011finer\u2019e anlatt\u0131"},"content":{"rendered":"<p>Kula \u015eof\u00f6rler ve Otomobilciler Odas\u0131 Ba\u015fkan\u0131 Oktay K\u0131rl\u0131, beraberindeki oda ba\u015fkanlar\u0131 ile birlikte T\u00fcrkiye \u015eof\u00f6rler ve Otomobilciler Federasyonu Genel Ba\u015fkan\u0131 Mehmet Yi\u011finer\u2019i ziyaret ederek \u015fof\u00f6r esnaf\u0131n\u0131n sorunlar\u0131n\u0131 iletti.<br \/>\n<br \/>Kula \u015eof\u00f6rler ve Otomobilciler Odas\u0131 Ba\u015fkan\u0131 Oktay K\u0131rl\u0131, beraberindeki Ala\u015fehir \u015eof\u00f6rler Odas\u0131 Ba\u015fkan\u0131 \u015eevki A\u011f\u0131rba\u015f ve Salihli \u015eof\u00f6rler Odas\u0131 Ba\u015fkan\u0131 Samet Balg\u00f6n\u00fcl ile birlikte T\u00fcrkiye \u015eof\u00f6rler ve Otomobilciler Federasyonu Genel Ba\u015fkan\u0131 Mehmet Yi\u011finer\u2019i makam\u0131nda ziyaret etti. Kula\u2019da \u015fof\u00f6r esnaf\u0131na y\u00f6nelik y\u00fcr\u00fct\u00fclen \u00e7al\u0131\u015fmalarla ilgili Genel Ba\u015fkan Yi\u011finer\u2019e bilgi veren Ba\u015fkan K\u0131rl\u0131, il\u00e7edeki \u015fof\u00f6r esnaflar\u0131n\u0131n sorunlar\u0131n\u0131 da iletti. \u015eof\u00f6r esnaf\u0131n\u0131n sorunlar\u0131 ile yak\u0131ndan ilgilenece\u011finin s\u00f6z\u00fcn\u00fc veren Genel Ba\u015fkan Yi\u011finer, Kula, Ala\u015fehir ve Salihli oda ba\u015fkanlar\u0131na ziyaretlerinden dolay\u0131 te\u015fekk\u00fcr etti.<br \/>\n<br \/>Kendilerini samimi bir \u015fekilde kar\u015f\u0131layan ve sorunlar\u0131n\u0131 dinleyen T\u00fcrkiye \u015eof\u00f6rler ve Otomobilciler Federasyonu Genel Ba\u015fkan\u0131 Mehmet Yi\u011finer\u2019e te\u015fekk\u00fcr eden Kula \u015eof\u00f6rler ve Otomobilciler Odas\u0131 Ba\u015fkan\u0131 Oktay K\u0131rl\u0131 ise, Genel Ba\u015fkan Yi\u011finer\u2019e \u00e7al\u0131\u015fmalar\u0131nda ba\u015far\u0131lar diledi.<br \/><\/p>\n","protected":false},"excerpt":{"rendered":"<p>Kula \u015eof\u00f6rler ve Otomobilciler Odas\u0131 Ba\u015fkan\u0131 Oktay K\u0131rl\u0131, beraberindeki oda ba\u015fkanlar\u0131 ile birlikte T\u00fcrkiye \u015eof\u00f6rler ve Otomobilciler Federasyonu Genel Ba\u015fkan\u0131 Mehmet Yi\u011finer\u2019i ziyaret ederek \u015fof\u00f6r esnaf\u0131n\u0131n sorunlar\u0131n\u0131 iletti. Kula \u015eof\u00f6rler ve Otomobilciler Odas\u0131 Ba\u015fkan\u0131 Oktay K\u0131rl\u0131, beraberindeki Ala\u015fehir \u015eof\u00f6rler Odas\u0131 Ba\u015fkan\u0131 \u015eevki A\u011f\u0131rba\u015f ve Salihli \u015eof\u00f6rler Odas\u0131 Ba\u015fkan\u0131 Samet Balg\u00f6n\u00fcl ile birlikte T\u00fcrkiye \u015eof\u00f6rler ve&#8230;<\/p>\n","protected":false},"author":1,"featured_media":9748,"comment_status":"open","ping_status":"open","sticky":false,"template":"","format":"standard","meta":{"_crdt_document":"","footnotes":""},"categories":[123],"tags":[],"class_list":["post-9747","post","type-post","status-publish","format-standard","has-post-thumbnail","hentry","category-gundem"],"_links":{"self":[{"href":"https:\/\/www.egemtv.com\/index.php?rest_route=\/wp\/v2\/posts\/9747","targetHints":{"allow":["GET"]}}],"collection":[{"href":"https:\/\/www.egemtv.com\/index.php?rest_route=\/wp\/v2\/posts"}],"about":[{"href":"https:\/\/www.egemtv.com\/index.php?rest_route=\/wp\/v2\/types\/post"}],"author":[{"embeddable":true,"href":"https:\/\/www.egemtv.com\/index.php?rest_route=\/wp\/v2\/users\/1"}],"replies":[{"embeddable":true,"href":"https:\/\/www.egemtv.com\/index.php?rest_route=%2Fwp%2Fv2%2Fcomments&post=9747"}],"version-history":[{"count":1,"href":"https:\/\/www.egemtv.com\/index.php?rest_route=\/wp\/v2\/posts\/9747\/revisions"}],"predecessor-version":[{"id":9749,"href":"https:\/\/www.egemtv.com\/index.php?rest_route=\/wp\/v2\/posts\/9747\/revisions\/9749"}],"wp:featuredmedia":[{"embeddable":true,"href":"https:\/\/www.egemtv.com\/index.php?rest_route=\/wp\/v2\/media\/9748"}],"wp:attachment":[{"href":"https:\/\/www.egemtv.com\/index.php?rest_route=%2Fwp%2Fv2%2Fmedia&parent=9747"}],"wp:term":[{"taxonomy":"category","embeddable":true,"href":"https:\/\/www.egemtv.com\/index.php?rest_route=%2Fwp%2Fv2%2Fcategories&post=9747"},{"taxonomy":"post_tag","embeddable":true,"href":"https:\/\/www.egemtv.com\/index.php?rest_route=%2Fwp%2Fv2%2Ftags&post=9747"}],"curies":[{"name":"wp","href":"https:\/\/api.w.org\/{rel}","templated":true}]}}