{"id":9744,"date":"2025-01-16T18:33:50","date_gmt":"2025-01-16T15:33:50","guid":{"rendered":"https:\/\/www.egemtv.com\/?p=9744"},"modified":"2025-01-16T18:33:52","modified_gmt":"2025-01-16T15:33:52","slug":"kros-yarislarinda-kosk-il-birincisi-oldu","status":"publish","type":"post","link":"https:\/\/www.egemtv.com\/?p=9744","title":{"rendered":"Kros yar\u0131\u015flar\u0131nda K\u00f6\u015fk, il birincisi oldu"},"content":{"rendered":"<p>Ayd\u0131n Gen\u00e7lik ve Spor \u0130l M\u00fcd\u00fcrl\u00fc\u011f\u00fc koordinesinde d\u00fczenlenen kros yar\u0131\u015flar\u0131nda, K\u00f6\u015fk 100. Y\u0131l Atat\u00fcrk Ortaokulu il birincisi oldu.<br \/>\n<br \/>Karde\u015fk\u00f6y Atletizm Pisti, kros sahalar\u0131nda yap\u0131lan \u2019Okul sporlar\u0131 kros yar\u0131\u015flar\u0131 Ayd\u0131n il birincili\u011fi\u2019 se\u00e7melerinde 100. Y\u0131l Atat\u00fcrk Ortaokulu Y\u0131ld\u0131z K\u0131zlar Tak\u0131m\u0131 il birincisi oldu. Y\u0131ld\u0131z K\u0131zlar tak\u0131m\u0131n\u0131 K\u00f6\u015fk Kaymakam\u0131 Tu\u011fba Polat makam\u0131nda a\u011f\u0131rlayarak, il birincisi olan k\u0131zlar\u0131 ve onlar\u0131 yar\u0131\u015fmalara haz\u0131rlayan \u00f6\u011fretmenlerini tebrik etti. Sonras\u0131nda K\u00f6\u015fk \u0130l\u00e7e Milli E\u011fitim M\u00fcd\u00fcr\u00fc Selim Karata\u015f\u2019\u0131 da makam\u0131nda ziyaret eden \u00f6\u011frenci, \u00f6\u011fretmen ve okul m\u00fcd\u00fcr\u00fc Y\u0131ld\u0131z K\u0131zlar tak\u0131m\u0131n\u0131n b\u00f6lge finallerinde Ayd\u0131n ilini temsil edece\u011fi i\u00e7in mutlu olduklar\u0131n\u0131 belirttiler. Karata\u015f, ba\u015far\u0131l\u0131 sporcu k\u0131zlar\u0131 tebrik ederek ba\u015far\u0131lar\u0131n\u0131 devam\u0131n\u0131 diledi. Ziyaretler sonras\u0131 Y\u0131ld\u0131z K\u0131zlar tak\u0131m\u0131 ve \u00f6\u011fretmenler g\u00fcn\u00fcn an\u0131s\u0131na Kaymakam Polat ve Karata\u015f ile foto\u011fraf \u00e7ektirdiler.<br \/><\/p>\n","protected":false},"excerpt":{"rendered":"<p>Ayd\u0131n Gen\u00e7lik ve Spor \u0130l M\u00fcd\u00fcrl\u00fc\u011f\u00fc koordinesinde d\u00fczenlenen kros yar\u0131\u015flar\u0131nda, K\u00f6\u015fk 100. Y\u0131l Atat\u00fcrk Ortaokulu il birincisi oldu. Karde\u015fk\u00f6y Atletizm Pisti, kros sahalar\u0131nda yap\u0131lan \u2019Okul sporlar\u0131 kros yar\u0131\u015flar\u0131 Ayd\u0131n il birincili\u011fi\u2019 se\u00e7melerinde 100. Y\u0131l Atat\u00fcrk Ortaokulu Y\u0131ld\u0131z K\u0131zlar Tak\u0131m\u0131 il birincisi oldu. Y\u0131ld\u0131z K\u0131zlar tak\u0131m\u0131n\u0131 K\u00f6\u015fk Kaymakam\u0131 Tu\u011fba Polat makam\u0131nda a\u011f\u0131rlayarak, il birincisi olan k\u0131zlar\u0131&#8230;<\/p>\n","protected":false},"author":1,"featured_media":9745,"comment_status":"open","ping_status":"open","sticky":false,"template":"","format":"standard","meta":{"_crdt_document":"","footnotes":""},"categories":[4],"tags":[],"class_list":["post-9744","post","type-post","status-publish","format-standard","has-post-thumbnail","hentry","category-spor"],"_links":{"self":[{"href":"https:\/\/www.egemtv.com\/index.php?rest_route=\/wp\/v2\/posts\/9744","targetHints":{"allow":["GET"]}}],"collection":[{"href":"https:\/\/www.egemtv.com\/index.php?rest_route=\/wp\/v2\/posts"}],"about":[{"href":"https:\/\/www.egemtv.com\/index.php?rest_route=\/wp\/v2\/types\/post"}],"author":[{"embeddable":true,"href":"https:\/\/www.egemtv.com\/index.php?rest_route=\/wp\/v2\/users\/1"}],"replies":[{"embeddable":true,"href":"https:\/\/www.egemtv.com\/index.php?rest_route=%2Fwp%2Fv2%2Fcomments&post=9744"}],"version-history":[{"count":1,"href":"https:\/\/www.egemtv.com\/index.php?rest_route=\/wp\/v2\/posts\/9744\/revisions"}],"predecessor-version":[{"id":9746,"href":"https:\/\/www.egemtv.com\/index.php?rest_route=\/wp\/v2\/posts\/9744\/revisions\/9746"}],"wp:featuredmedia":[{"embeddable":true,"href":"https:\/\/www.egemtv.com\/index.php?rest_route=\/wp\/v2\/media\/9745"}],"wp:attachment":[{"href":"https:\/\/www.egemtv.com\/index.php?rest_route=%2Fwp%2Fv2%2Fmedia&parent=9744"}],"wp:term":[{"taxonomy":"category","embeddable":true,"href":"https:\/\/www.egemtv.com\/index.php?rest_route=%2Fwp%2Fv2%2Fcategories&post=9744"},{"taxonomy":"post_tag","embeddable":true,"href":"https:\/\/www.egemtv.com\/index.php?rest_route=%2Fwp%2Fv2%2Ftags&post=9744"}],"curies":[{"name":"wp","href":"https:\/\/api.w.org\/{rel}","templated":true}]}}