{"id":9741,"date":"2025-01-16T18:19:17","date_gmt":"2025-01-16T15:19:17","guid":{"rendered":"https:\/\/www.egemtv.com\/?p=9741"},"modified":"2025-01-16T18:19:19","modified_gmt":"2025-01-16T15:19:19","slug":"baskan-kahveci-makine-ikmal-mudurlugu-personeliyle-bulustu","status":"publish","type":"post","link":"https:\/\/www.egemtv.com\/?p=9741","title":{"rendered":"Ba\u015fkan Kahveci, Makine \u0130kmal M\u00fcd\u00fcrl\u00fc\u011f\u00fc personeliyle bulu\u015ftu"},"content":{"rendered":"<p>K\u00fctahya Belediye Ba\u015fkan\u0131 Ey\u00fcp Kahveci, Makine \u0130kmal Bak\u0131m ve Onar\u0131m M\u00fcd\u00fcrl\u00fc\u011f\u00fc\u2019n\u00fc ziyaret ederek personelle bir araya geldi.<br \/>\n<br \/>Ziyaret s\u0131ras\u0131nda belediye hizmetlerinin arka plan\u0131nda b\u00fcy\u00fck emek veren \u00e7al\u0131\u015fanlarla g\u00f6r\u00fc\u015fen Ba\u015fkan Kahveci, yap\u0131lan \u00e7al\u0131\u015fmalar\u0131 yerinde inceleyerek te\u015fekk\u00fcrlerini iletti. Makine \u0130kmal M\u00fcd\u00fcrl\u00fc\u011f\u00fc\u2019n\u00fcn K\u00fctahya\u2019n\u0131n altyap\u0131s\u0131na ve belediye hizmetlerine sa\u011flad\u0131\u011f\u0131 katk\u0131n\u0131n \u00f6nemine dikkat \u00e7eken Ba\u015fkan Kahveci, \u201cSizlerin eme\u011fi, K\u00fctahya\u2019m\u0131z\u0131n geli\u015fimi ve vatanda\u015flar\u0131m\u0131za sundu\u011fumuz hizmetlerin s\u00fcreklili\u011fi i\u00e7in vazge\u00e7ilmez bir \u00f6neme sahip. Her birinizin \u00f6zverili \u00e7al\u0131\u015fmas\u0131, \u015fehrimizin gelece\u011fi i\u00e7in b\u00fcy\u00fck bir g\u00fc\u00e7 kayna\u011f\u0131. Her birinize \u00e7al\u0131\u015fmalar\u0131n\u0131zda ba\u015far\u0131lar diliyorum&#8221; dedi.<br \/>\n<br \/>Ba\u015fkan Kahveci, ziyaret s\u0131ras\u0131nda personelin talep ve \u00f6nerilerini de dinleyerek, ihtiya\u00e7lar\u0131n kar\u015f\u0131lanmas\u0131 i\u00e7in gerekli ad\u0131mlar\u0131n at\u0131laca\u011f\u0131n\u0131 ifade etti.<br \/><\/p>\n","protected":false},"excerpt":{"rendered":"<p>K\u00fctahya Belediye Ba\u015fkan\u0131 Ey\u00fcp Kahveci, Makine \u0130kmal Bak\u0131m ve Onar\u0131m M\u00fcd\u00fcrl\u00fc\u011f\u00fc\u2019n\u00fc ziyaret ederek personelle bir araya geldi. Ziyaret s\u0131ras\u0131nda belediye hizmetlerinin arka plan\u0131nda b\u00fcy\u00fck emek veren \u00e7al\u0131\u015fanlarla g\u00f6r\u00fc\u015fen Ba\u015fkan Kahveci, yap\u0131lan \u00e7al\u0131\u015fmalar\u0131 yerinde inceleyerek te\u015fekk\u00fcrlerini iletti. Makine \u0130kmal M\u00fcd\u00fcrl\u00fc\u011f\u00fc\u2019n\u00fcn K\u00fctahya\u2019n\u0131n altyap\u0131s\u0131na ve belediye hizmetlerine sa\u011flad\u0131\u011f\u0131 katk\u0131n\u0131n \u00f6nemine dikkat \u00e7eken Ba\u015fkan Kahveci, \u201cSizlerin eme\u011fi, K\u00fctahya\u2019m\u0131z\u0131n geli\u015fimi&#8230;<\/p>\n","protected":false},"author":1,"featured_media":9742,"comment_status":"open","ping_status":"open","sticky":false,"template":"","format":"standard","meta":{"_crdt_document":"","footnotes":""},"categories":[123],"tags":[],"class_list":["post-9741","post","type-post","status-publish","format-standard","has-post-thumbnail","hentry","category-gundem"],"_links":{"self":[{"href":"https:\/\/www.egemtv.com\/index.php?rest_route=\/wp\/v2\/posts\/9741","targetHints":{"allow":["GET"]}}],"collection":[{"href":"https:\/\/www.egemtv.com\/index.php?rest_route=\/wp\/v2\/posts"}],"about":[{"href":"https:\/\/www.egemtv.com\/index.php?rest_route=\/wp\/v2\/types\/post"}],"author":[{"embeddable":true,"href":"https:\/\/www.egemtv.com\/index.php?rest_route=\/wp\/v2\/users\/1"}],"replies":[{"embeddable":true,"href":"https:\/\/www.egemtv.com\/index.php?rest_route=%2Fwp%2Fv2%2Fcomments&post=9741"}],"version-history":[{"count":1,"href":"https:\/\/www.egemtv.com\/index.php?rest_route=\/wp\/v2\/posts\/9741\/revisions"}],"predecessor-version":[{"id":9743,"href":"https:\/\/www.egemtv.com\/index.php?rest_route=\/wp\/v2\/posts\/9741\/revisions\/9743"}],"wp:featuredmedia":[{"embeddable":true,"href":"https:\/\/www.egemtv.com\/index.php?rest_route=\/wp\/v2\/media\/9742"}],"wp:attachment":[{"href":"https:\/\/www.egemtv.com\/index.php?rest_route=%2Fwp%2Fv2%2Fmedia&parent=9741"}],"wp:term":[{"taxonomy":"category","embeddable":true,"href":"https:\/\/www.egemtv.com\/index.php?rest_route=%2Fwp%2Fv2%2Fcategories&post=9741"},{"taxonomy":"post_tag","embeddable":true,"href":"https:\/\/www.egemtv.com\/index.php?rest_route=%2Fwp%2Fv2%2Ftags&post=9741"}],"curies":[{"name":"wp","href":"https:\/\/api.w.org\/{rel}","templated":true}]}}