{"id":9738,"date":"2025-01-16T18:19:15","date_gmt":"2025-01-16T15:19:15","guid":{"rendered":"https:\/\/www.egemtv.com\/?p=9738"},"modified":"2025-01-16T18:19:17","modified_gmt":"2025-01-16T15:19:17","slug":"filistinli-ogrencilerden-erenlere-tebrik-ziyareti","status":"publish","type":"post","link":"https:\/\/www.egemtv.com\/?p=9738","title":{"rendered":"Filistinli \u00f6\u011frencilerden Erenler\u2019e tebrik ziyareti"},"content":{"rendered":"<p>Filistinli \u00d6\u011frenciler Genel Birli\u011fi K\u00fctahya Birimi, AK Parti K\u00fctahya \u0130l Ba\u015fkan\u0131 Ceyda \u00c7etin Erenler\u2019i makam\u0131nda ziyaret etti ve yeni g\u00f6revinde ba\u015far\u0131lar diledi.<br \/>\n<br \/>Ziyarette konu\u015fan \u00f6\u011frenciler, \u0130srail ve Hamas Gazze\u2019de ate\u015fkes ve takas anla\u015fmas\u0131n\u0131n sevindirici bir geli\u015fme oldu\u011fu belirttiler. Filistinli \u00d6\u011frenciler Genel Birli\u011fi K\u00fctahya Birimi Temsilcileri, Ba\u015fkan Erenler\u2019e plaket takdim etti. Filistinli \u00d6\u011frenciler Genel Birli\u011fi K\u00fctahya Birimi Temsilcileri, &#8220;Filistinli \u00f6\u011frenciler ile K\u00fctahya halk\u0131 aras\u0131ndaki k\u00fclt\u00fcrel ve sosyal ba\u011flar\u0131n g\u00fc\u00e7lendirilmesine sundu\u011funuz de\u011ferli katk\u0131lar ve destekleriniz i\u00e7in \u015f\u00fckranlar\u0131m\u0131z\u0131 sunar\u0131z&#8221; \u015feklinde konu\u015ftu.<br \/>\n<br \/>Ziyarete, K\u00fctahya Uluslararas\u0131 \u00d6\u011frenci Derne\u011fi Ba\u015fkan\u0131 Sebahattin Ceyhun\u2019un da kat\u0131ld\u0131.<br \/><\/p>\n","protected":false},"excerpt":{"rendered":"<p>Filistinli \u00d6\u011frenciler Genel Birli\u011fi K\u00fctahya Birimi, AK Parti K\u00fctahya \u0130l Ba\u015fkan\u0131 Ceyda \u00c7etin Erenler\u2019i makam\u0131nda ziyaret etti ve yeni g\u00f6revinde ba\u015far\u0131lar diledi. Ziyarette konu\u015fan \u00f6\u011frenciler, \u0130srail ve Hamas Gazze\u2019de ate\u015fkes ve takas anla\u015fmas\u0131n\u0131n sevindirici bir geli\u015fme oldu\u011fu belirttiler. Filistinli \u00d6\u011frenciler Genel Birli\u011fi K\u00fctahya Birimi Temsilcileri, Ba\u015fkan Erenler\u2019e plaket takdim etti. Filistinli \u00d6\u011frenciler Genel Birli\u011fi K\u00fctahya&#8230;<\/p>\n","protected":false},"author":1,"featured_media":9739,"comment_status":"open","ping_status":"open","sticky":false,"template":"","format":"standard","meta":{"_crdt_document":"","footnotes":""},"categories":[123],"tags":[],"class_list":["post-9738","post","type-post","status-publish","format-standard","has-post-thumbnail","hentry","category-gundem"],"_links":{"self":[{"href":"https:\/\/www.egemtv.com\/index.php?rest_route=\/wp\/v2\/posts\/9738","targetHints":{"allow":["GET"]}}],"collection":[{"href":"https:\/\/www.egemtv.com\/index.php?rest_route=\/wp\/v2\/posts"}],"about":[{"href":"https:\/\/www.egemtv.com\/index.php?rest_route=\/wp\/v2\/types\/post"}],"author":[{"embeddable":true,"href":"https:\/\/www.egemtv.com\/index.php?rest_route=\/wp\/v2\/users\/1"}],"replies":[{"embeddable":true,"href":"https:\/\/www.egemtv.com\/index.php?rest_route=%2Fwp%2Fv2%2Fcomments&post=9738"}],"version-history":[{"count":1,"href":"https:\/\/www.egemtv.com\/index.php?rest_route=\/wp\/v2\/posts\/9738\/revisions"}],"predecessor-version":[{"id":9740,"href":"https:\/\/www.egemtv.com\/index.php?rest_route=\/wp\/v2\/posts\/9738\/revisions\/9740"}],"wp:featuredmedia":[{"embeddable":true,"href":"https:\/\/www.egemtv.com\/index.php?rest_route=\/wp\/v2\/media\/9739"}],"wp:attachment":[{"href":"https:\/\/www.egemtv.com\/index.php?rest_route=%2Fwp%2Fv2%2Fmedia&parent=9738"}],"wp:term":[{"taxonomy":"category","embeddable":true,"href":"https:\/\/www.egemtv.com\/index.php?rest_route=%2Fwp%2Fv2%2Fcategories&post=9738"},{"taxonomy":"post_tag","embeddable":true,"href":"https:\/\/www.egemtv.com\/index.php?rest_route=%2Fwp%2Fv2%2Ftags&post=9738"}],"curies":[{"name":"wp","href":"https:\/\/api.w.org\/{rel}","templated":true}]}}