{"id":9735,"date":"2025-01-16T18:19:12","date_gmt":"2025-01-16T15:19:12","guid":{"rendered":"https:\/\/www.egemtv.com\/?p=9735"},"modified":"2025-01-16T18:19:14","modified_gmt":"2025-01-16T15:19:14","slug":"baskan-arici-zeytin-hasadinda-ureticiler-ve-isciler-ile-bir-araya-geldi","status":"publish","type":"post","link":"https:\/\/www.egemtv.com\/?p=9735","title":{"rendered":"Ba\u015fkan Ar\u0131c\u0131 zeytin hasad\u0131nda \u00fcreticiler ve i\u015f\u00e7iler ile bir araya geldi"},"content":{"rendered":"<p>Ko\u00e7arl\u0131 Belediye Ba\u015fkan\u0131 \u00d6zg\u00fcr Ar\u0131c\u0131, il\u00e7edeki zeytin hasad\u0131 yapan vatanda\u015flar\u0131 ziyaret ederek kolayl\u0131klar diledi. Hasat mevsiminin bereketli ge\u00e7mesi temennisinde bulunan Ba\u015fkan Ar\u0131c\u0131, \u00fcreticilerin emeklerine dikkat \u00e7ekerek, zeytinlerin sofralara ula\u015fana kadar ge\u00e7en zorlu yolculu\u011funun ilk a\u015famas\u0131nda \u00fcreticilerle birlikte olmaktan mutluluk duydu\u011funu ifade etti.<\/p>\n<p>Ko\u00e7arl\u0131 Belediye Ba\u015fkan\u0131 \u00d6zg\u00fcr Ar\u0131c\u0131 zeytin bah\u00e7elerinde \u00e7al\u0131\u015fan i\u015f\u00e7ilerle tek tek sohbet ederek, &#8220;Bereketli ellerin, emek emek i\u015fleyerek sofralar\u0131m\u0131za kadar ula\u015ft\u0131rd\u0131\u011f\u0131 zeytinlerin yolculu\u011funun ilk dura\u011f\u0131 olan bu g\u00fczel hasat etkinli\u011finde bulunmaktan b\u00fcy\u00fck memnuniyet duyuyorum. Emek\u00e7i karde\u015flerimize kolay gelsin dileklerimizi ilettik ve hasat d\u00f6neminin hem \u00fcreticilerimiz hem de il\u00e7emiz i\u00e7in bereketli olmas\u0131n\u0131 diledik&#8221; dedi.<\/p>\n<p>Ziyareti s\u0131ras\u0131nda zeytin i\u015f\u00e7ilerinin yemek molas\u0131na denk gelen Ba\u015fkan Ar\u0131c\u0131, i\u015f\u00e7ilerin sofras\u0131na misafir oldu. \u0130\u015f\u00e7ilerle birlikte helva ve ekmek yiyen Ba\u015fkan Ar\u0131c\u0131, onlar\u0131n taleplerini ve ya\u015fad\u0131klar\u0131 sorunlar\u0131 dinledi.<\/p>\n<p>Ba\u015fkan Ar\u0131c\u0131, &#8220;Bu topraklarda binbir emekle \u00e7al\u0131\u015fan siz de\u011ferli \u00fcreticilerimizin yan\u0131nday\u0131z. Ko\u00e7arl\u0131, tar\u0131msal \u00fcretimin kalbi ve bu eme\u011fin hak etti\u011fi de\u011feri g\u00f6rmesi i\u00e7in her zaman elimizden geleni yapaca\u011f\u0131z&#8221; ifadelerini kulland\u0131.<\/p>\n<p>\u201cZeytin, Ko\u00e7arl\u0131\u2019n\u0131n simge \u00fcr\u00fcnlerinden biri\u201d<br \/>\n<br \/>Zeytincili\u011fin Ko\u00e7arl\u0131 i\u00e7in sadece bir ekonomik kaynak olmad\u0131\u011f\u0131n\u0131 ayn\u0131 zamanda bir k\u00fclt\u00fcr oldu\u011funu vurgulayan Ba\u015fkan Ar\u0131c\u0131, &#8220;Ko\u00e7arl\u0131, zeytincilikte hem Ayd\u0131n hem de T\u00fcrkiye i\u00e7in \u00f6nemli bir yere sahip. Zeytin bizim hem ge\u00e7mi\u015fimiz hem de gelece\u011fimiz. Bu nedenle \u00fcreticilerimizin sorunlar\u0131n\u0131 \u00e7\u00f6zmek ve tar\u0131msal \u00fcretimi desteklemek i\u00e7in \u00e7al\u0131\u015fmalar\u0131m\u0131z\u0131 s\u00fcrd\u00fcrece\u011fiz&#8221; dedi.<br \/><\/p>\n","protected":false},"excerpt":{"rendered":"<p>Ko\u00e7arl\u0131 Belediye Ba\u015fkan\u0131 \u00d6zg\u00fcr Ar\u0131c\u0131, il\u00e7edeki zeytin hasad\u0131 yapan vatanda\u015flar\u0131 ziyaret ederek kolayl\u0131klar diledi. Hasat mevsiminin bereketli ge\u00e7mesi temennisinde bulunan Ba\u015fkan Ar\u0131c\u0131, \u00fcreticilerin emeklerine dikkat \u00e7ekerek, zeytinlerin sofralara ula\u015fana kadar ge\u00e7en zorlu yolculu\u011funun ilk a\u015famas\u0131nda \u00fcreticilerle birlikte olmaktan mutluluk duydu\u011funu ifade etti. Ko\u00e7arl\u0131 Belediye Ba\u015fkan\u0131 \u00d6zg\u00fcr Ar\u0131c\u0131 zeytin bah\u00e7elerinde \u00e7al\u0131\u015fan i\u015f\u00e7ilerle tek tek sohbet ederek,&#8230;<\/p>\n","protected":false},"author":1,"featured_media":9736,"comment_status":"open","ping_status":"open","sticky":false,"template":"","format":"standard","meta":{"_crdt_document":"","footnotes":""},"categories":[1],"tags":[],"class_list":["post-9735","post","type-post","status-publish","format-standard","has-post-thumbnail","hentry","category-guncel"],"_links":{"self":[{"href":"https:\/\/www.egemtv.com\/index.php?rest_route=\/wp\/v2\/posts\/9735","targetHints":{"allow":["GET"]}}],"collection":[{"href":"https:\/\/www.egemtv.com\/index.php?rest_route=\/wp\/v2\/posts"}],"about":[{"href":"https:\/\/www.egemtv.com\/index.php?rest_route=\/wp\/v2\/types\/post"}],"author":[{"embeddable":true,"href":"https:\/\/www.egemtv.com\/index.php?rest_route=\/wp\/v2\/users\/1"}],"replies":[{"embeddable":true,"href":"https:\/\/www.egemtv.com\/index.php?rest_route=%2Fwp%2Fv2%2Fcomments&post=9735"}],"version-history":[{"count":1,"href":"https:\/\/www.egemtv.com\/index.php?rest_route=\/wp\/v2\/posts\/9735\/revisions"}],"predecessor-version":[{"id":9737,"href":"https:\/\/www.egemtv.com\/index.php?rest_route=\/wp\/v2\/posts\/9735\/revisions\/9737"}],"wp:featuredmedia":[{"embeddable":true,"href":"https:\/\/www.egemtv.com\/index.php?rest_route=\/wp\/v2\/media\/9736"}],"wp:attachment":[{"href":"https:\/\/www.egemtv.com\/index.php?rest_route=%2Fwp%2Fv2%2Fmedia&parent=9735"}],"wp:term":[{"taxonomy":"category","embeddable":true,"href":"https:\/\/www.egemtv.com\/index.php?rest_route=%2Fwp%2Fv2%2Fcategories&post=9735"},{"taxonomy":"post_tag","embeddable":true,"href":"https:\/\/www.egemtv.com\/index.php?rest_route=%2Fwp%2Fv2%2Ftags&post=9735"}],"curies":[{"name":"wp","href":"https:\/\/api.w.org\/{rel}","templated":true}]}}