{"id":9732,"date":"2025-01-16T18:16:10","date_gmt":"2025-01-16T15:16:10","guid":{"rendered":"https:\/\/www.egemtv.com\/?p=9732"},"modified":"2025-01-16T18:16:12","modified_gmt":"2025-01-16T15:16:12","slug":"kusadasinda-olu-yunus-baligi-kayaliklara-vurdu","status":"publish","type":"post","link":"https:\/\/www.egemtv.com\/?p=9732","title":{"rendered":"Ku\u015fadas\u0131\u2019nda \u00f6l\u00fc yunus bal\u0131\u011f\u0131 kayal\u0131klara vurdu"},"content":{"rendered":"<p>Ayd\u0131n\u2019\u0131n Ku\u015fadas\u0131 il\u00e7esinde G\u00fcvercinada kayal\u0131klar\u0131na \u00f6l\u00fc olarak t\u0131rtak cinsi yunus bal\u0131\u011f\u0131 vurdu. A\u00e7\u0131klama yapan EKODOSD Ba\u015fka\u0131 Bahattin S\u00fcr\u00fcc\u00fc, yunusun trol a\u011flar\u0131na tak\u0131l\u0131p bo\u011fularak \u00f6ld\u00fc\u011f\u00fcn\u00fc tahmin ettiklerini s\u00f6yledi.<\/p>\n<p>Ku\u015fadas\u0131\u2019nda denizden dalgalarla gelen \u00f6l\u00fc bir yunusun G\u00fcvercinada kayal\u0131klar\u0131na \u00e7\u0131kt\u0131\u011f\u0131 tespit edildi. Ku\u015fadas\u0131 Belediyesi ekipleri durumu Ekosistemi Koruma ve Do\u011fa Sevenler Derne\u011fi\u2019ne (EKODOSD) bildirdi. \u0130hbar \u00fczerine olay yerine gelen EKODOSD Ba\u015fkan\u0131 Bahattin S\u00fcr\u00fcc\u00fc,  yapt\u0131\u011f\u0131 incelemede \u00f6l\u00fc halde bulunan yunusun t\u0131rtak cinsi oldu\u011fu tespit etti. Belediye ekipleri ile birlikte karaya \u00e7\u0131kar\u0131lan 2 metre boyundaki yunusun, deri y\u00fczeyindeki \u00e7iziklerinden ve s\u00fcrt\u00fcnme izlerinden dolay\u0131 muhtemelen trol a\u011flar\u0131na hedef d\u0131\u015f\u0131 av olarak yakaland\u0131\u011f\u0131 ve nefes alamad\u0131\u011f\u0131ndan bo\u011fularak \u00f6ld\u00fc\u011f\u00fc d\u00fc\u015f\u00fcn\u00fcl\u00fcyor. Nesli t\u00fckenme tehdidi alt\u0131nda olan t\u0131rtak yunusunun, Ku\u015fadas\u0131 K\u00f6rfezi\u2019nde yo\u011fun olarak g\u00f6r\u00fcld\u00fc\u011f\u00fcn\u00fc belirten S\u00fcr\u00fcc\u00fc, deniz ekosisteminin korunmas\u0131n\u0131n \u00f6nemine dikkat \u00e7ekti.<\/p>\n<p>Yunustan doku \u00f6rne\u011fi ald\u0131klar\u0131n\u0131 ifade eden Ba\u015fkan S\u00fcr\u00fcc\u00fc; &#8220;2.27 metre boyundaki yunustan doku \u00f6rne\u011fi al\u0131nd\u0131. Herhangi bir yara ve kesi izine rastlanmad\u0131. Deri y\u00fczeyindeki \u00e7iziklerden ve s\u00fcrt\u00fcnme izlerinden muhtemelen trol a\u011flar\u0131na hedef d\u0131\u015f\u0131 av olarak yakaland\u0131\u011f\u0131 ve nefes alamad\u0131\u011f\u0131ndan bo\u011fularak \u00f6ld\u00fc\u011f\u00fc d\u00fc\u015f\u00fcn\u00fclmektedir. \u00d6len yunus a\u00e7\u0131lan \u00e7ukura g\u00f6t\u00fcr\u00fcl\u00fcp, Ku\u015fadas\u0131 Belediyesi T\u0130M ekipleri taraf\u0131ndan g\u00f6m\u00fclmesi sa\u011fland\u0131. Yunuslar genelde hedef d\u0131\u015f\u0131 av olarak trol a\u011flar\u0131na tak\u0131l\u0131p bo\u011fulmakta, plastik kirlili\u011fi, stress, ya\u015fl\u0131l\u0131k bazen de di\u011fer Yunuslarla kavgadan dolay\u0131 \u00f6lmektedirler. Akdeniz\u2019in \u00f6nemli t\u00fcrlerinden biri olan t\u0131rtak yunuslar\u0131 bir\u00e7ok b\u00f6lgede nesli t\u00fckenme tehdidi alt\u0131ndad\u0131r. Say\u0131lar\u0131 azalan t\u0131rtak yunuslar\u0131n\u0131n yo\u011fun g\u00f6r\u00fcld\u00fc\u011f\u00fc alanlar\u0131n ba\u015f\u0131nda Ku\u015fadas\u0131 K\u00f6rfezi gelmektedir. Bunu hem deniz g\u00f6zlemlerinde hem de \u00f6len yunuslarda g\u00f6rmekteyiz. Deniz ekosisteminin sa\u011fl\u0131kl\u0131 oldu\u011funun g\u00f6stergesi olan yunuslar\u0131n varl\u0131\u011f\u0131, bulundu\u011fu yerdeki denizlerin en zengin alanlar oldu\u011funu ve korunmalar\u0131 gerekti\u011fini g\u00f6sterir. B\u00f6lgemizde \u00f6len yunuslardan doku \u00f6rnekleri ve \u00f6l\u00e7\u00fcmleri al\u0131narak, bu konuda \u00e7al\u0131\u015fma y\u00fcr\u00fcten DMAD ve T\u00dcDAV\u2019daki bilim insanlar\u0131yla i\u015fbirli\u011fi yap\u0131lmaktad\u0131r&#8221; dedi.<br \/><\/p>\n","protected":false},"excerpt":{"rendered":"<p>Ayd\u0131n\u2019\u0131n Ku\u015fadas\u0131 il\u00e7esinde G\u00fcvercinada kayal\u0131klar\u0131na \u00f6l\u00fc olarak t\u0131rtak cinsi yunus bal\u0131\u011f\u0131 vurdu. A\u00e7\u0131klama yapan EKODOSD Ba\u015fka\u0131 Bahattin S\u00fcr\u00fcc\u00fc, yunusun trol a\u011flar\u0131na tak\u0131l\u0131p bo\u011fularak \u00f6ld\u00fc\u011f\u00fcn\u00fc tahmin ettiklerini s\u00f6yledi. Ku\u015fadas\u0131\u2019nda denizden dalgalarla gelen \u00f6l\u00fc bir yunusun G\u00fcvercinada kayal\u0131klar\u0131na \u00e7\u0131kt\u0131\u011f\u0131 tespit edildi. Ku\u015fadas\u0131 Belediyesi ekipleri durumu Ekosistemi Koruma ve Do\u011fa Sevenler Derne\u011fi\u2019ne (EKODOSD) bildirdi. \u0130hbar \u00fczerine olay yerine&#8230;<\/p>\n","protected":false},"author":1,"featured_media":9733,"comment_status":"open","ping_status":"open","sticky":false,"template":"","format":"standard","meta":{"_crdt_document":"","footnotes":""},"categories":[1],"tags":[],"class_list":["post-9732","post","type-post","status-publish","format-standard","has-post-thumbnail","hentry","category-guncel"],"_links":{"self":[{"href":"https:\/\/www.egemtv.com\/index.php?rest_route=\/wp\/v2\/posts\/9732","targetHints":{"allow":["GET"]}}],"collection":[{"href":"https:\/\/www.egemtv.com\/index.php?rest_route=\/wp\/v2\/posts"}],"about":[{"href":"https:\/\/www.egemtv.com\/index.php?rest_route=\/wp\/v2\/types\/post"}],"author":[{"embeddable":true,"href":"https:\/\/www.egemtv.com\/index.php?rest_route=\/wp\/v2\/users\/1"}],"replies":[{"embeddable":true,"href":"https:\/\/www.egemtv.com\/index.php?rest_route=%2Fwp%2Fv2%2Fcomments&post=9732"}],"version-history":[{"count":1,"href":"https:\/\/www.egemtv.com\/index.php?rest_route=\/wp\/v2\/posts\/9732\/revisions"}],"predecessor-version":[{"id":9734,"href":"https:\/\/www.egemtv.com\/index.php?rest_route=\/wp\/v2\/posts\/9732\/revisions\/9734"}],"wp:featuredmedia":[{"embeddable":true,"href":"https:\/\/www.egemtv.com\/index.php?rest_route=\/wp\/v2\/media\/9733"}],"wp:attachment":[{"href":"https:\/\/www.egemtv.com\/index.php?rest_route=%2Fwp%2Fv2%2Fmedia&parent=9732"}],"wp:term":[{"taxonomy":"category","embeddable":true,"href":"https:\/\/www.egemtv.com\/index.php?rest_route=%2Fwp%2Fv2%2Fcategories&post=9732"},{"taxonomy":"post_tag","embeddable":true,"href":"https:\/\/www.egemtv.com\/index.php?rest_route=%2Fwp%2Fv2%2Ftags&post=9732"}],"curies":[{"name":"wp","href":"https:\/\/api.w.org\/{rel}","templated":true}]}}