{"id":9726,"date":"2025-01-16T17:17:07","date_gmt":"2025-01-16T14:17:07","guid":{"rendered":"https:\/\/www.egemtv.com\/?p=9726"},"modified":"2025-01-16T17:17:10","modified_gmt":"2025-01-16T14:17:10","slug":"karisini-ipten-almisti-bu-kez-kendi-asili-halde-bulundu","status":"publish","type":"post","link":"https:\/\/www.egemtv.com\/?p=9726","title":{"rendered":"Kar\u0131s\u0131n\u0131 ipten alm\u0131\u015ft\u0131, bu kez kendi as\u0131l\u0131 halde bulundu"},"content":{"rendered":"<p>Ayd\u0131n\u2019\u0131n Nazilli il\u00e7esinde 52 ya\u015f\u0131ndaki adamdan haber alamayan yak\u0131nlar\u0131, \u015fahs\u0131 iple incir a\u011fac\u0131na as\u0131l\u0131 halde \u00f6l\u00fc buldu.<br \/>\n<br \/>Olay, Nazilli il\u00e7esine 13 kilometre mesafedeki k\u0131rsal Kavac\u0131k Mahallesi\u2019nde meydana geldi. Edinilen bilgiye g\u00f6re \u00e7ift\u00e7ilikle ge\u00e7imini sa\u011flad\u0131\u011f\u0131 \u00f6\u011frenilen 25 y\u0131ll\u0131k evli ve 2 \u00e7ocuk babas\u0131 Cuma A. \u00c7. (52), d\u00fcn gece eve gelmeyince yak\u0131nlar\u0131 aramaya \u00e7\u0131kt\u0131. Sabah erken saatlerde gidebilece\u011fi yerlere bakan ailenin \u00e7ocuklar\u0131ndan biri, evlerine 1 kilometre mesafedeki incir bah\u00e7esinde babas\u0131n\u0131 a\u011faca as\u0131l\u0131 halde buldu. \u0130hbar \u00fczerine olay yerine sa\u011fl\u0131k ve jandarma ekipleri geldi. K\u0131sa s\u00fcrede olay yerine gelen sa\u011fl\u0131k ekipleri, 52 ya\u015f\u0131ndaki Cuma A. \u00c7.\u2019nin hayat\u0131n\u0131 kaybetti\u011fini belirledi. Olayla ilgili soru\u015fturma ba\u015flat\u0131ld\u0131.<\/p>\n<p>E\u015fini ipten alm\u0131\u015ft\u0131<br \/>\n<br \/>\u00d6te yandan, iddiaya g\u00f6re, 2017 y\u0131l\u0131nda evlerinin yan\u0131ndaki ah\u0131rda e\u015fi F.\u00c7.\u2019nin iple kendini ast\u0131\u011f\u0131n\u0131 g\u00f6ren Cuma A. \u00c7.\u2019nin, e\u015fini ipten ald\u0131\u011f\u0131 \u00f6\u011frenildi. E\u015fler aras\u0131nda \u015fiddetli ge\u00e7imsizlik ya\u015fand\u0131\u011f\u0131 iddia edilirken, savc\u0131l\u0131k taraf\u0131ndan olayla ilgili soru\u015fturma ba\u015flat\u0131ld\u0131\u011f\u0131 \u00f6\u011frenildi.<br \/><\/p>\n","protected":false},"excerpt":{"rendered":"<p>Ayd\u0131n\u2019\u0131n Nazilli il\u00e7esinde 52 ya\u015f\u0131ndaki adamdan haber alamayan yak\u0131nlar\u0131, \u015fahs\u0131 iple incir a\u011fac\u0131na as\u0131l\u0131 halde \u00f6l\u00fc buldu. Olay, Nazilli il\u00e7esine 13 kilometre mesafedeki k\u0131rsal Kavac\u0131k Mahallesi\u2019nde meydana geldi. Edinilen bilgiye g\u00f6re \u00e7ift\u00e7ilikle ge\u00e7imini sa\u011flad\u0131\u011f\u0131 \u00f6\u011frenilen 25 y\u0131ll\u0131k evli ve 2 \u00e7ocuk babas\u0131 Cuma A. \u00c7. (52), d\u00fcn gece eve gelmeyince yak\u0131nlar\u0131 aramaya \u00e7\u0131kt\u0131. Sabah erken&#8230;<\/p>\n","protected":false},"author":1,"featured_media":9727,"comment_status":"open","ping_status":"open","sticky":false,"template":"","format":"standard","meta":{"_crdt_document":"","footnotes":""},"categories":[5],"tags":[],"class_list":["post-9726","post","type-post","status-publish","format-standard","has-post-thumbnail","hentry","category-asayis"],"_links":{"self":[{"href":"https:\/\/www.egemtv.com\/index.php?rest_route=\/wp\/v2\/posts\/9726","targetHints":{"allow":["GET"]}}],"collection":[{"href":"https:\/\/www.egemtv.com\/index.php?rest_route=\/wp\/v2\/posts"}],"about":[{"href":"https:\/\/www.egemtv.com\/index.php?rest_route=\/wp\/v2\/types\/post"}],"author":[{"embeddable":true,"href":"https:\/\/www.egemtv.com\/index.php?rest_route=\/wp\/v2\/users\/1"}],"replies":[{"embeddable":true,"href":"https:\/\/www.egemtv.com\/index.php?rest_route=%2Fwp%2Fv2%2Fcomments&post=9726"}],"version-history":[{"count":1,"href":"https:\/\/www.egemtv.com\/index.php?rest_route=\/wp\/v2\/posts\/9726\/revisions"}],"predecessor-version":[{"id":9728,"href":"https:\/\/www.egemtv.com\/index.php?rest_route=\/wp\/v2\/posts\/9726\/revisions\/9728"}],"wp:featuredmedia":[{"embeddable":true,"href":"https:\/\/www.egemtv.com\/index.php?rest_route=\/wp\/v2\/media\/9727"}],"wp:attachment":[{"href":"https:\/\/www.egemtv.com\/index.php?rest_route=%2Fwp%2Fv2%2Fmedia&parent=9726"}],"wp:term":[{"taxonomy":"category","embeddable":true,"href":"https:\/\/www.egemtv.com\/index.php?rest_route=%2Fwp%2Fv2%2Fcategories&post=9726"},{"taxonomy":"post_tag","embeddable":true,"href":"https:\/\/www.egemtv.com\/index.php?rest_route=%2Fwp%2Fv2%2Ftags&post=9726"}],"curies":[{"name":"wp","href":"https:\/\/api.w.org\/{rel}","templated":true}]}}