{"id":9723,"date":"2025-01-16T17:06:57","date_gmt":"2025-01-16T14:06:57","guid":{"rendered":"https:\/\/www.egemtv.com\/?p=9723"},"modified":"2025-01-16T17:06:59","modified_gmt":"2025-01-16T14:06:59","slug":"denizliyi-temsil-edecek-takim-belirlendi","status":"publish","type":"post","link":"https:\/\/www.egemtv.com\/?p=9723","title":{"rendered":"Denizli\u2019yi temsil edecek tak\u0131m belirlendi"},"content":{"rendered":"<p>Gen\u00e7lik ve Spor Bakanl\u0131\u011f\u0131n\u0131n koordinesinde d\u00fczenlenen Okul Sporlar\u0131 kapsam\u0131nda 2024-2025 Faaliyet Takviminde yer alan Futbol Gen\u00e7 Erkekler \u0130l Birincili\u011fi M\u00fcsabakalar\u0131 ger\u00e7ekle\u015ftirildi.<\/p>\n<p>Akkonak Futbol Sahas\u0131nda 2024-2025 Faaliyet Takviminde yer alan Futbol Gen\u00e7 Erkekler \u0130l Birincili\u011fi M\u00fcsabakalar\u0131 ger\u00e7ekle\u015ftirildi. 13 tak\u0131mdan 250 sporcunun kat\u0131l\u0131m\u0131yla ger\u00e7ekle\u015fen \u015fampiyona \u00e7eki\u015fmeli ve centilmence kar\u015f\u0131la\u015fmalara sahne oldu. Okul Sporlar\u0131 Futbol Gen\u00e7 Erkekler m\u00fcsabakalar\u0131 sonunda \u00d6zel Denizli Ekobilim Koleji \u015fampiyonlu\u011fa ula\u015f\u0131rken, \u00d6zel Dostek Mesleki ve Teknik Anadolu Lisesi ikinci, P\u0131nar Baha Abal\u0131o\u011flu Anadolu Lisesi \u00fc\u00e7\u00fcnc\u00fc, \u0130\u015f Adamlar\u0131 Mesleki ve Teknik Anadolu Lisesi ise d\u00f6rd\u00fcnc\u00fc oldu.<\/p>\n<p>Yap\u0131lan \u00f6d\u00fcl t\u00f6reninde dereceye giren tak\u0131mlara kupa ve madalyalar\u0131n\u0131 Gen\u00e7lik ve Spor \u0130l M\u00fcd\u00fcr\u00fc \u00d6mer \u0130lman ile okul idarecileri takdim etti. M\u00fcsabakalar sonunda \u015fampiyon olan \u00d6zel Ekobilim Koleji, Okul Sporlar\u0131 Futbol Gen\u00e7ler Grup \u015eampiyonas\u0131nda Denizli\u2019yi temsil etmeye hak kazand\u0131.<br \/><\/p>\n","protected":false},"excerpt":{"rendered":"<p>Gen\u00e7lik ve Spor Bakanl\u0131\u011f\u0131n\u0131n koordinesinde d\u00fczenlenen Okul Sporlar\u0131 kapsam\u0131nda 2024-2025 Faaliyet Takviminde yer alan Futbol Gen\u00e7 Erkekler \u0130l Birincili\u011fi M\u00fcsabakalar\u0131 ger\u00e7ekle\u015ftirildi. Akkonak Futbol Sahas\u0131nda 2024-2025 Faaliyet Takviminde yer alan Futbol Gen\u00e7 Erkekler \u0130l Birincili\u011fi M\u00fcsabakalar\u0131 ger\u00e7ekle\u015ftirildi. 13 tak\u0131mdan 250 sporcunun kat\u0131l\u0131m\u0131yla ger\u00e7ekle\u015fen \u015fampiyona \u00e7eki\u015fmeli ve centilmence kar\u015f\u0131la\u015fmalara sahne oldu. Okul Sporlar\u0131 Futbol Gen\u00e7 Erkekler m\u00fcsabakalar\u0131&#8230;<\/p>\n","protected":false},"author":1,"featured_media":9724,"comment_status":"open","ping_status":"open","sticky":false,"template":"","format":"standard","meta":{"_crdt_document":"","footnotes":""},"categories":[4],"tags":[],"class_list":["post-9723","post","type-post","status-publish","format-standard","has-post-thumbnail","hentry","category-spor"],"_links":{"self":[{"href":"https:\/\/www.egemtv.com\/index.php?rest_route=\/wp\/v2\/posts\/9723","targetHints":{"allow":["GET"]}}],"collection":[{"href":"https:\/\/www.egemtv.com\/index.php?rest_route=\/wp\/v2\/posts"}],"about":[{"href":"https:\/\/www.egemtv.com\/index.php?rest_route=\/wp\/v2\/types\/post"}],"author":[{"embeddable":true,"href":"https:\/\/www.egemtv.com\/index.php?rest_route=\/wp\/v2\/users\/1"}],"replies":[{"embeddable":true,"href":"https:\/\/www.egemtv.com\/index.php?rest_route=%2Fwp%2Fv2%2Fcomments&post=9723"}],"version-history":[{"count":1,"href":"https:\/\/www.egemtv.com\/index.php?rest_route=\/wp\/v2\/posts\/9723\/revisions"}],"predecessor-version":[{"id":9725,"href":"https:\/\/www.egemtv.com\/index.php?rest_route=\/wp\/v2\/posts\/9723\/revisions\/9725"}],"wp:featuredmedia":[{"embeddable":true,"href":"https:\/\/www.egemtv.com\/index.php?rest_route=\/wp\/v2\/media\/9724"}],"wp:attachment":[{"href":"https:\/\/www.egemtv.com\/index.php?rest_route=%2Fwp%2Fv2%2Fmedia&parent=9723"}],"wp:term":[{"taxonomy":"category","embeddable":true,"href":"https:\/\/www.egemtv.com\/index.php?rest_route=%2Fwp%2Fv2%2Fcategories&post=9723"},{"taxonomy":"post_tag","embeddable":true,"href":"https:\/\/www.egemtv.com\/index.php?rest_route=%2Fwp%2Fv2%2Ftags&post=9723"}],"curies":[{"name":"wp","href":"https:\/\/api.w.org\/{rel}","templated":true}]}}