{"id":9717,"date":"2025-01-16T16:58:04","date_gmt":"2025-01-16T13:58:04","guid":{"rendered":"https:\/\/www.egemtv.com\/?p=9717"},"modified":"2025-01-16T16:58:06","modified_gmt":"2025-01-16T13:58:06","slug":"milli-basketbolcunun-olumune-neden-olan-surucu-tekrar-tutuklandi","status":"publish","type":"post","link":"https:\/\/www.egemtv.com\/?p=9717","title":{"rendered":"Milli basketbolcunun \u00f6l\u00fcm\u00fcne neden olan s\u00fcr\u00fcc\u00fc tekrar tutukland\u0131"},"content":{"rendered":"<p>Mu\u011fla\u2019n\u0131n Dat\u00e7a il\u00e7esinde 8 Eyl\u00fcl 2024 tarihinde gece saatlerinde eski milli basketbolcu \u0130lkan Karaman\u2019a \u00e7arparak \u00f6l\u00fcm\u00fcne neden olan s\u00fcr\u00fcc\u00fcn\u00fcn Dat\u00e7a Asliye Ceza Mahkemesinde g\u00f6r\u00fclen ikinci duru\u015fmas\u0131nda tahliyesine itiraz eden Mu\u011fla Cumhuriyet Ba\u015fsavc\u0131l\u0131\u011f\u0131n\u0131n talebi Mu\u011fla 3\u2019\u00fcnc\u00fc A\u011f\u0131r Ceza Mahkemesince kabul edildi ve san\u0131k tekrar tutukland\u0131.<br \/>\n<br \/>Taksirle \u00f6l\u00fcme neden olmaktan 2 ila 9 y\u0131l aras\u0131nda hapis talebiyle yarg\u0131lanan ve 4 ay tutuklu kalan s\u00fcr\u00fcc\u00fc Emre Ali \u00d6nder, 10 Ocak\u2019ta Dat\u00e7a Asliye Ceza Mahkemesinde g\u00f6r\u00fclen ikinci duru\u015fmada mahkeme heyeti, san\u0131\u011f\u0131n cezaevinde kald\u0131\u011f\u0131 s\u00fcreyi g\u00f6z \u00f6n\u00fcne al\u0131narak tahliyesine karar vermi\u015fti. Dat\u00e7a Asliye Ceza Mahkemesinin tahliye karar\u0131n\u0131n ard\u0131ndan ayn\u0131 g\u00fcn Mu\u011fla Cumhuriyet Ba\u015fsavc\u0131l\u0131\u011f\u0131 tahliye karar\u0131na itiraz etti. Mu\u011fla Cumhuriyet Ba\u015fsavc\u0131l\u0131\u011f\u0131 taraf\u0131ndan Mu\u011fla 3. A\u011f\u0131r Ceza Mahkemesine yap\u0131lan itirazda; san\u0131\u011f\u0131n \u00e7arpma sonucu \u00f6l\u00fcme neden oldu\u011fu, kaza an\u0131nda 1,16 promil alkoll\u00fc oldu\u011fu ve yurt d\u0131\u015f\u0131na ka\u00e7ma \u015f\u00fcphesi bulunmas\u0131 nedeniyle tahliye talebinin reddi ve tutuklulu\u011funun devam\u0131 y\u00f6n\u00fcnde karar verilmesini talep etti.<br \/>\n<br \/>Mu\u011fla 3\u2019\u00fcnc\u00fc A\u011f\u0131r Ceza Mahkemesi, Mu\u011fla Cumhuriyet Ba\u015fsavc\u0131l\u0131\u011f\u0131n\u0131n itiraz\u0131 \u00fczerine itiraz\u0131 g\u00f6r\u00fc\u015ft\u00fc ve san\u0131\u011f\u0131n tekrar yakalanmas\u0131na karar verdi. Yakalanan san\u0131k Emre Ali \u00d6nder\u2019in yakalanmas\u0131n\u0131n ard\u0131ndan tutuklanarak cezaevine g\u00f6nderildi.<\/p>\n<p>Olay<br \/>\n<br \/>34 ya\u015f\u0131ndaki eski milli basketbolcu \u0130lkan Karaman, Dat\u00e7a il\u00e7esi Re\u015fadiye Mahallesi\u2019nde gece saat 02.20\u2019de yolun kar\u015f\u0131s\u0131na ge\u00e7mek isterken Emre Ali \u00d6nder idaresindeki 48 AIJ 713 plakal\u0131 otomobil kendisine \u00e7arpm\u0131\u015ft\u0131. Karaman otomobilin \u00e7arpmas\u0131 ile yola savrularak a\u011f\u0131r \u015fekilde yaralanm\u0131\u015ft\u0131. Olay yerine gelen sa\u011fl\u0131k ekipleri, kazada a\u011f\u0131r \u015fekilde yaralanan Karaman\u2019\u0131 ambulansla hastaneye kald\u0131rm\u0131\u015ft\u0131. Karaman, hastanede yap\u0131lan t\u00fcm m\u00fcdahalelere ra\u011fmen hayat\u0131n\u0131 kaybetmi\u015fti. Kazadan sonra hastanede yakalanan s\u00fcr\u00fcc\u00fc Emre Ali \u00d6nder\u2019in yap\u0131lan alkol muayenesinde 1,16 promil alkoll\u00fc oldu\u011fu tespit edilmi\u015fti. S\u00fcr\u00fcc\u00fc \u00d6nder, \u00e7\u0131kar\u0131ld\u0131\u011f\u0131 adli makamlarca tutuklanm\u0131\u015ft\u0131.<br \/><\/p>\n","protected":false},"excerpt":{"rendered":"<p>Mu\u011fla\u2019n\u0131n Dat\u00e7a il\u00e7esinde 8 Eyl\u00fcl 2024 tarihinde gece saatlerinde eski milli basketbolcu \u0130lkan Karaman\u2019a \u00e7arparak \u00f6l\u00fcm\u00fcne neden olan s\u00fcr\u00fcc\u00fcn\u00fcn Dat\u00e7a Asliye Ceza Mahkemesinde g\u00f6r\u00fclen ikinci duru\u015fmas\u0131nda tahliyesine itiraz eden Mu\u011fla Cumhuriyet Ba\u015fsavc\u0131l\u0131\u011f\u0131n\u0131n talebi Mu\u011fla 3\u2019\u00fcnc\u00fc A\u011f\u0131r Ceza Mahkemesince kabul edildi ve san\u0131k tekrar tutukland\u0131. Taksirle \u00f6l\u00fcme neden olmaktan 2 ila 9 y\u0131l aras\u0131nda hapis talebiyle&#8230;<\/p>\n","protected":false},"author":1,"featured_media":9718,"comment_status":"open","ping_status":"open","sticky":false,"template":"","format":"standard","meta":{"_crdt_document":"","footnotes":""},"categories":[5],"tags":[],"class_list":["post-9717","post","type-post","status-publish","format-standard","has-post-thumbnail","hentry","category-asayis"],"_links":{"self":[{"href":"https:\/\/www.egemtv.com\/index.php?rest_route=\/wp\/v2\/posts\/9717","targetHints":{"allow":["GET"]}}],"collection":[{"href":"https:\/\/www.egemtv.com\/index.php?rest_route=\/wp\/v2\/posts"}],"about":[{"href":"https:\/\/www.egemtv.com\/index.php?rest_route=\/wp\/v2\/types\/post"}],"author":[{"embeddable":true,"href":"https:\/\/www.egemtv.com\/index.php?rest_route=\/wp\/v2\/users\/1"}],"replies":[{"embeddable":true,"href":"https:\/\/www.egemtv.com\/index.php?rest_route=%2Fwp%2Fv2%2Fcomments&post=9717"}],"version-history":[{"count":1,"href":"https:\/\/www.egemtv.com\/index.php?rest_route=\/wp\/v2\/posts\/9717\/revisions"}],"predecessor-version":[{"id":9719,"href":"https:\/\/www.egemtv.com\/index.php?rest_route=\/wp\/v2\/posts\/9717\/revisions\/9719"}],"wp:featuredmedia":[{"embeddable":true,"href":"https:\/\/www.egemtv.com\/index.php?rest_route=\/wp\/v2\/media\/9718"}],"wp:attachment":[{"href":"https:\/\/www.egemtv.com\/index.php?rest_route=%2Fwp%2Fv2%2Fmedia&parent=9717"}],"wp:term":[{"taxonomy":"category","embeddable":true,"href":"https:\/\/www.egemtv.com\/index.php?rest_route=%2Fwp%2Fv2%2Fcategories&post=9717"},{"taxonomy":"post_tag","embeddable":true,"href":"https:\/\/www.egemtv.com\/index.php?rest_route=%2Fwp%2Fv2%2Ftags&post=9717"}],"curies":[{"name":"wp","href":"https:\/\/api.w.org\/{rel}","templated":true}]}}