{"id":9714,"date":"2025-01-16T16:46:01","date_gmt":"2025-01-16T13:46:01","guid":{"rendered":"https:\/\/www.egemtv.com\/?p=9714"},"modified":"2025-01-16T16:46:03","modified_gmt":"2025-01-16T13:46:03","slug":"cesmede-motosiklet-denetimlerinde-ceza-yagdi","status":"publish","type":"post","link":"https:\/\/www.egemtv.com\/?p=9714","title":{"rendered":"\u00c7e\u015fme\u2019de motosiklet denetimlerinde ceza ya\u011fd\u0131"},"content":{"rendered":"<p>\u0130zmir\u2019in \u00c7e\u015fme il\u00e7esinde kural ihlali yapan 34 motosiklet s\u00fcr\u00fcc\u00fcs\u00fcne toplam 33 bin 762 lira para cezas\u0131 kesildi.<br \/>\n<br \/>\u00c7e\u015fme\u2019de g\u00f6revli trafik polisi ekiplerince, ge\u00e7en hafta sonu yap\u0131lan kontrollerde, kald\u0131r\u0131m \u00fczerinde seyreden 34 motosiklet s\u00fcr\u00fcc\u00fcs\u00fcne toplam 33 bin 762 lira para cezas\u0131 kesildi. Ayr\u0131ca, kask takmayan 25 motosikletliye de 25 bin 881 lira ceza uyguland\u0131. Yetkililer, trafik g\u00fcvenli\u011fini sa\u011flamak amac\u0131yla bu t\u00fcr denetimlerin \u00f6zellikle hafta sonlar\u0131nda daha s\u0131k yap\u0131laca\u011f\u0131n\u0131 duyurdu.<br \/><\/p>\n","protected":false},"excerpt":{"rendered":"<p>\u0130zmir\u2019in \u00c7e\u015fme il\u00e7esinde kural ihlali yapan 34 motosiklet s\u00fcr\u00fcc\u00fcs\u00fcne toplam 33 bin 762 lira para cezas\u0131 kesildi. \u00c7e\u015fme\u2019de g\u00f6revli trafik polisi ekiplerince, ge\u00e7en hafta sonu yap\u0131lan kontrollerde, kald\u0131r\u0131m \u00fczerinde seyreden 34 motosiklet s\u00fcr\u00fcc\u00fcs\u00fcne toplam 33 bin 762 lira para cezas\u0131 kesildi. Ayr\u0131ca, kask takmayan 25 motosikletliye de 25 bin 881 lira ceza uyguland\u0131. Yetkililer, trafik&#8230;<\/p>\n","protected":false},"author":1,"featured_media":9715,"comment_status":"open","ping_status":"open","sticky":false,"template":"","format":"standard","meta":{"_crdt_document":"","footnotes":""},"categories":[5],"tags":[],"class_list":["post-9714","post","type-post","status-publish","format-standard","has-post-thumbnail","hentry","category-asayis"],"_links":{"self":[{"href":"https:\/\/www.egemtv.com\/index.php?rest_route=\/wp\/v2\/posts\/9714","targetHints":{"allow":["GET"]}}],"collection":[{"href":"https:\/\/www.egemtv.com\/index.php?rest_route=\/wp\/v2\/posts"}],"about":[{"href":"https:\/\/www.egemtv.com\/index.php?rest_route=\/wp\/v2\/types\/post"}],"author":[{"embeddable":true,"href":"https:\/\/www.egemtv.com\/index.php?rest_route=\/wp\/v2\/users\/1"}],"replies":[{"embeddable":true,"href":"https:\/\/www.egemtv.com\/index.php?rest_route=%2Fwp%2Fv2%2Fcomments&post=9714"}],"version-history":[{"count":1,"href":"https:\/\/www.egemtv.com\/index.php?rest_route=\/wp\/v2\/posts\/9714\/revisions"}],"predecessor-version":[{"id":9716,"href":"https:\/\/www.egemtv.com\/index.php?rest_route=\/wp\/v2\/posts\/9714\/revisions\/9716"}],"wp:featuredmedia":[{"embeddable":true,"href":"https:\/\/www.egemtv.com\/index.php?rest_route=\/wp\/v2\/media\/9715"}],"wp:attachment":[{"href":"https:\/\/www.egemtv.com\/index.php?rest_route=%2Fwp%2Fv2%2Fmedia&parent=9714"}],"wp:term":[{"taxonomy":"category","embeddable":true,"href":"https:\/\/www.egemtv.com\/index.php?rest_route=%2Fwp%2Fv2%2Fcategories&post=9714"},{"taxonomy":"post_tag","embeddable":true,"href":"https:\/\/www.egemtv.com\/index.php?rest_route=%2Fwp%2Fv2%2Ftags&post=9714"}],"curies":[{"name":"wp","href":"https:\/\/api.w.org\/{rel}","templated":true}]}}