{"id":9711,"date":"2025-01-16T16:45:59","date_gmt":"2025-01-16T13:45:59","guid":{"rendered":"https:\/\/www.egemtv.com\/?p=9711"},"modified":"2025-01-16T16:46:01","modified_gmt":"2025-01-16T13:46:01","slug":"izmirde-uyusturucu-operasyonu-2-tutuklama","status":"publish","type":"post","link":"https:\/\/www.egemtv.com\/?p=9711","title":{"rendered":"\u0130zmir\u2019de uyu\u015fturucu operasyonu: 2 tutuklama"},"content":{"rendered":"<p>\u0130zmir\u2019in Sel\u00e7uk il\u00e7esinde d\u00fczenlenen uyu\u015fturucu operasyonunda g\u00f6zalt\u0131na al\u0131nan 2 \u015f\u00fcpheli tutukland\u0131.<br \/>\n<br \/>\u0130l\u00e7e Emniyet M\u00fcd\u00fcrl\u00fc\u011f\u00fc Su\u00e7 \u00d6nleme ve Soru\u015fturma B\u00fcro Amirli\u011fi ekipleri, savc\u0131l\u0131k koordinesinde operasyon ger\u00e7ekle\u015ftirdi. Yap\u0131lan \u00e7al\u0131\u015fmada, 95.22 gram metamfetamin maddesi ele ge\u00e7irildi. Olayla ilgili g\u00f6zalt\u0131na al\u0131nan 2 \u015f\u00fcpheli, emniyetteki i\u015flemlerin ard\u0131ndan sevk edildikleri mahkemece tutukland\u0131.<br \/><\/p>\n","protected":false},"excerpt":{"rendered":"<p>\u0130zmir\u2019in Sel\u00e7uk il\u00e7esinde d\u00fczenlenen uyu\u015fturucu operasyonunda g\u00f6zalt\u0131na al\u0131nan 2 \u015f\u00fcpheli tutukland\u0131. \u0130l\u00e7e Emniyet M\u00fcd\u00fcrl\u00fc\u011f\u00fc Su\u00e7 \u00d6nleme ve Soru\u015fturma B\u00fcro Amirli\u011fi ekipleri, savc\u0131l\u0131k koordinesinde operasyon ger\u00e7ekle\u015ftirdi. Yap\u0131lan \u00e7al\u0131\u015fmada, 95.22 gram metamfetamin maddesi ele ge\u00e7irildi. Olayla ilgili g\u00f6zalt\u0131na al\u0131nan 2 \u015f\u00fcpheli, emniyetteki i\u015flemlerin ard\u0131ndan sevk edildikleri mahkemece tutukland\u0131.<\/p>\n","protected":false},"author":1,"featured_media":9712,"comment_status":"open","ping_status":"open","sticky":false,"template":"","format":"standard","meta":{"_crdt_document":"","footnotes":""},"categories":[5],"tags":[],"class_list":["post-9711","post","type-post","status-publish","format-standard","has-post-thumbnail","hentry","category-asayis"],"_links":{"self":[{"href":"https:\/\/www.egemtv.com\/index.php?rest_route=\/wp\/v2\/posts\/9711","targetHints":{"allow":["GET"]}}],"collection":[{"href":"https:\/\/www.egemtv.com\/index.php?rest_route=\/wp\/v2\/posts"}],"about":[{"href":"https:\/\/www.egemtv.com\/index.php?rest_route=\/wp\/v2\/types\/post"}],"author":[{"embeddable":true,"href":"https:\/\/www.egemtv.com\/index.php?rest_route=\/wp\/v2\/users\/1"}],"replies":[{"embeddable":true,"href":"https:\/\/www.egemtv.com\/index.php?rest_route=%2Fwp%2Fv2%2Fcomments&post=9711"}],"version-history":[{"count":1,"href":"https:\/\/www.egemtv.com\/index.php?rest_route=\/wp\/v2\/posts\/9711\/revisions"}],"predecessor-version":[{"id":9713,"href":"https:\/\/www.egemtv.com\/index.php?rest_route=\/wp\/v2\/posts\/9711\/revisions\/9713"}],"wp:featuredmedia":[{"embeddable":true,"href":"https:\/\/www.egemtv.com\/index.php?rest_route=\/wp\/v2\/media\/9712"}],"wp:attachment":[{"href":"https:\/\/www.egemtv.com\/index.php?rest_route=%2Fwp%2Fv2%2Fmedia&parent=9711"}],"wp:term":[{"taxonomy":"category","embeddable":true,"href":"https:\/\/www.egemtv.com\/index.php?rest_route=%2Fwp%2Fv2%2Fcategories&post=9711"},{"taxonomy":"post_tag","embeddable":true,"href":"https:\/\/www.egemtv.com\/index.php?rest_route=%2Fwp%2Fv2%2Ftags&post=9711"}],"curies":[{"name":"wp","href":"https:\/\/api.w.org\/{rel}","templated":true}]}}