{"id":9708,"date":"2025-01-16T16:45:56","date_gmt":"2025-01-16T13:45:56","guid":{"rendered":"https:\/\/www.egemtv.com\/?p=9708"},"modified":"2025-01-16T16:45:58","modified_gmt":"2025-01-16T13:45:58","slug":"incirliovada-muftuluk-personellerine-deprem-egitimi","status":"publish","type":"post","link":"https:\/\/www.egemtv.com\/?p=9708","title":{"rendered":"\u0130ncirliova\u2019da m\u00fcft\u00fcl\u00fck personellerine \u2019deprem\u2019 e\u011fitimi"},"content":{"rendered":"<p>Ayd\u0131n\u2019\u0131n \u0130ncirliova il\u00e7esinde AFAD ekiplerince m\u00fcft\u00fcl\u00fck personellerine depremde arama kurtarma e\u011fitimi verildi.<\/p>\n<p>Afet ve Acil Durum Y\u00f6netimi (AFAD) Ayd\u0131n \u0130l Ba\u015fkanl\u0131\u011f\u0131 koordinesinde ger\u00e7ekle\u015ftirilen e\u011fitimler aral\u0131ks\u0131z s\u00fcr\u00fcyor. Bu \u00e7er\u00e7evede sahaya inen AFAD ekipleri, \u0130ncirliova il\u00e7esindeki enkaz \u00e7al\u0131\u015fma alan\u0131nda \u0130ncirliova M\u00fcft\u00fcl\u00fc\u011f\u00fc personelleri ile bir araya geldi. M\u00fcft\u00fcl\u00fck personellerine y\u00f6nelik ger\u00e7ekle\u015ftirilen e\u011fitimlerde afet ve acil durumlar \u00f6ncesi, s\u0131ras\u0131 ve sonras\u0131nda yap\u0131lmas\u0131 gerekenler uygulamal\u0131 olarak anlat\u0131ld\u0131.<\/p>\n<p>Konu ile ilgili Ayd\u0131n \u0130l Afet ve Acil Durum M\u00fcd\u00fcrl\u00fc\u011f\u00fc\u2019nden yap\u0131lan a\u00e7\u0131klamada, &#8220;Enkaz \u00e7al\u0131\u015fma alan\u0131m\u0131zda \u0130ncirliova M\u00fcft\u00fcl\u00fc\u011f\u00fc personellerine Depremde Arama ve Kurtarma E\u011fitimi d\u00fczenlendi. Depremde arama ve kurtarma faaliyetleri kapsam\u0131nda afet ve acil durumlar \u00f6ncesi, s\u0131ras\u0131 ve sonras\u0131nda yap\u0131lmas\u0131 gerekenler anlat\u0131larak, uygulamas\u0131 ger\u00e7ekle\u015ftirildi&#8221; ifadeleri yer ald\u0131.<br \/><\/p>\n","protected":false},"excerpt":{"rendered":"<p>Ayd\u0131n\u2019\u0131n \u0130ncirliova il\u00e7esinde AFAD ekiplerince m\u00fcft\u00fcl\u00fck personellerine depremde arama kurtarma e\u011fitimi verildi. Afet ve Acil Durum Y\u00f6netimi (AFAD) Ayd\u0131n \u0130l Ba\u015fkanl\u0131\u011f\u0131 koordinesinde ger\u00e7ekle\u015ftirilen e\u011fitimler aral\u0131ks\u0131z s\u00fcr\u00fcyor. Bu \u00e7er\u00e7evede sahaya inen AFAD ekipleri, \u0130ncirliova il\u00e7esindeki enkaz \u00e7al\u0131\u015fma alan\u0131nda \u0130ncirliova M\u00fcft\u00fcl\u00fc\u011f\u00fc personelleri ile bir araya geldi. M\u00fcft\u00fcl\u00fck personellerine y\u00f6nelik ger\u00e7ekle\u015ftirilen e\u011fitimlerde afet ve acil durumlar \u00f6ncesi, s\u0131ras\u0131&#8230;<\/p>\n","protected":false},"author":1,"featured_media":9709,"comment_status":"open","ping_status":"open","sticky":false,"template":"","format":"standard","meta":{"_crdt_document":"","footnotes":""},"categories":[1],"tags":[],"class_list":["post-9708","post","type-post","status-publish","format-standard","has-post-thumbnail","hentry","category-guncel"],"_links":{"self":[{"href":"https:\/\/www.egemtv.com\/index.php?rest_route=\/wp\/v2\/posts\/9708","targetHints":{"allow":["GET"]}}],"collection":[{"href":"https:\/\/www.egemtv.com\/index.php?rest_route=\/wp\/v2\/posts"}],"about":[{"href":"https:\/\/www.egemtv.com\/index.php?rest_route=\/wp\/v2\/types\/post"}],"author":[{"embeddable":true,"href":"https:\/\/www.egemtv.com\/index.php?rest_route=\/wp\/v2\/users\/1"}],"replies":[{"embeddable":true,"href":"https:\/\/www.egemtv.com\/index.php?rest_route=%2Fwp%2Fv2%2Fcomments&post=9708"}],"version-history":[{"count":1,"href":"https:\/\/www.egemtv.com\/index.php?rest_route=\/wp\/v2\/posts\/9708\/revisions"}],"predecessor-version":[{"id":9710,"href":"https:\/\/www.egemtv.com\/index.php?rest_route=\/wp\/v2\/posts\/9708\/revisions\/9710"}],"wp:featuredmedia":[{"embeddable":true,"href":"https:\/\/www.egemtv.com\/index.php?rest_route=\/wp\/v2\/media\/9709"}],"wp:attachment":[{"href":"https:\/\/www.egemtv.com\/index.php?rest_route=%2Fwp%2Fv2%2Fmedia&parent=9708"}],"wp:term":[{"taxonomy":"category","embeddable":true,"href":"https:\/\/www.egemtv.com\/index.php?rest_route=%2Fwp%2Fv2%2Fcategories&post=9708"},{"taxonomy":"post_tag","embeddable":true,"href":"https:\/\/www.egemtv.com\/index.php?rest_route=%2Fwp%2Fv2%2Ftags&post=9708"}],"curies":[{"name":"wp","href":"https:\/\/api.w.org\/{rel}","templated":true}]}}