{"id":9705,"date":"2025-01-16T16:34:35","date_gmt":"2025-01-16T13:34:35","guid":{"rendered":"https:\/\/www.egemtv.com\/?p=9705"},"modified":"2025-01-16T16:34:37","modified_gmt":"2025-01-16T13:34:37","slug":"marmariste-yesilaydan-bagimli-olma-farkinda-ol-semineri","status":"publish","type":"post","link":"https:\/\/www.egemtv.com\/?p=9705","title":{"rendered":"Marmaris\u2019te Ye\u015filay\u2019dan \u2018ba\u011f\u0131ml\u0131 olma fark\u0131nda ol\u2018 semineri"},"content":{"rendered":"<p>Mu\u011fla\u2019n\u0131n Marmaris il\u00e7esinde  okul m\u00fcd\u00fcrleri ve rehber \u00f6\u011fretmenlerine Mu\u011fla Ye\u015filay \u015eubesi taraf\u0131ndan \u2018ba\u011f\u0131ml\u0131l\u0131k fark\u0131ndal\u0131\u011f\u0131 semineri\u2018 verildi.<\/p>\n<p>Marmaris Hal\u0131c\u0131 Ahmet Urkay Okulu\u2019nun konferans salonunda d\u00fczenlenen ve ba\u011f\u0131ml\u0131l\u0131\u011f\u0131n her t\u00fcrl\u00fcs\u00fc ile m\u00fccadele etmenin gereklili\u011fine de\u011finilen seminere Marmaris Kaymakam\u0131 Nurullah Kaya, Marmaris \u0130l\u00e7e Milli E\u011fitim M\u00fcd\u00fcr\u00fc Serap Aksel, Ye\u015filay Mu\u011fla \u015eube Ba\u015fkan\u0131 Abdullah \u015eenol \u015eeng\u00fcr, Ye\u015filay uzman psikolo\u011fu Furkan Kartal, okul m\u00fcd\u00fcrleri ve rehber \u00f6\u011fretmenler kat\u0131ld\u0131. Ba\u011f\u0131ml\u0131l\u0131kla m\u00fccadelede fark\u0131ndal\u0131k olu\u015fturmak ve sorunlara \u00e7\u00f6z\u00fcm yollar\u0131 geli\u015ftirmek amac\u0131yla d\u00fczenlenen seminerde konu\u015fan Marmaris Kaymakam\u0131 Nurullah Kaya, ba\u011f\u0131ml\u0131l\u0131kla m\u00fccadelede toplumsal dayan\u0131\u015fman\u0131n \u00f6nemine dikkat \u00e7ekti. Kaymakam Kaya, \u201cAmac\u0131m\u0131z, gen\u00e7lerimizi en iyi \u015fekilde gelece\u011fe haz\u0131rlamak. Yakla\u015f\u0131k 15 ayd\u0131r Marmaris Kaymakaml\u0131\u011f\u0131 olarak bu konuda \u00e7al\u0131\u015fmalar\u0131m\u0131z\u0131 \u015fekillendirdik. Okullar\u0131m\u0131zda masa tenisi turnuvalar\u0131, Ye\u015filay k\u00f6\u015feleri ve fark\u0131ndal\u0131k etkinlikleri d\u00fczenliyoruz. \u015eubat ay\u0131n\u0131n ikinci d\u00f6neminde bu yar\u0131\u015fmalar\u0131 ger\u00e7ekle\u015ftirece\u011fiz ve ba\u015far\u0131l\u0131 olan okullar\u0131m\u0131z\u0131 \u00f6d\u00fcllendirece\u011fiz. Bu m\u00fccadelede ge\u00e7 kal\u0131rsak bedeli hep birlikte \u00f6deriz\u201d dedi.<\/p>\n<p>&#8220;Madde ve kumar ba\u011f\u0131ml\u0131l\u0131\u011f\u0131 y\u00fckseliyor&#8221;<br \/>\n<br \/>Ye\u015filay Mu\u011fla \u015eube Ba\u015fkan\u0131 Abdullah \u015eenol \u015eeng\u00fcr ise son y\u0131llarda madde ve kumar ba\u011f\u0131ml\u0131l\u0131\u011f\u0131ndaki art\u0131\u015fa dikkat \u00e7ekerek, \u201cEskiden insanlar kumar i\u00e7in K\u0131br\u0131s\u2019a giderdi, \u015fimdi kumar cep telefonlar\u0131nda. \u0130ntihar vakalar\u0131n\u0131n temel nedenlerinden biri kumar, ikinci sebep ise alkol. Bu sorunlar\u0131 \u00e7\u00f6zmek i\u00e7in Cumhurba\u015fkan\u0131m\u0131z Recep Tayyip Erdo\u011fan ve Cumhurba\u015fkan\u0131 Yard\u0131mc\u0131m\u0131z Cevdet Y\u0131lmaz \u00f6nderli\u011finde Ba\u011f\u0131ml\u0131l\u0131kla M\u00fccadele Y\u00fcksek \u0130sti\u015fare Kurulu olu\u015fturuluyor\u201d ifadelerini kulland\u0131.<\/p>\n<p>&#8220;Ba\u011f\u0131ml\u0131l\u0131k bir hastal\u0131kt\u0131r&#8221;<br \/>\n<br \/>Seminerde bir sunum yapan Ye\u015filay uzman psikolo\u011fu Furkan Kartal, ba\u011f\u0131ml\u0131l\u0131\u011f\u0131n fiziksel ve psikolojik boyutlar\u0131na de\u011findi. Ard\u0131ndan kapan\u0131\u015f konu\u015fmas\u0131n\u0131 yapan Marmaris \u0130l\u00e7e Milli E\u011fitim M\u00fcd\u00fcr\u00fc Serap Aksel ise, \u201cBa\u011f\u0131ml\u0131l\u0131k bir hastal\u0131kt\u0131r. Bu fark\u0131ndal\u0131\u011f\u0131 art\u0131rmak i\u00e7in ortaokul ve lise d\u00fczeyinde etkinlikler d\u00fczenleyece\u011fiz. Rehber \u00f6\u011fretmenlerimizle k\u00fc\u00e7\u00fck grup \u00e7al\u0131\u015fmalar\u0131 yaparak \u00f6\u011frenci ve velilerimize bu bilinci a\u015f\u0131lamay\u0131 hedefliyoruz&#8221; diye konu\u015ftu.<br \/><\/p>\n","protected":false},"excerpt":{"rendered":"<p>Mu\u011fla\u2019n\u0131n Marmaris il\u00e7esinde okul m\u00fcd\u00fcrleri ve rehber \u00f6\u011fretmenlerine Mu\u011fla Ye\u015filay \u015eubesi taraf\u0131ndan \u2018ba\u011f\u0131ml\u0131l\u0131k fark\u0131ndal\u0131\u011f\u0131 semineri\u2018 verildi. Marmaris Hal\u0131c\u0131 Ahmet Urkay Okulu\u2019nun konferans salonunda d\u00fczenlenen ve ba\u011f\u0131ml\u0131l\u0131\u011f\u0131n her t\u00fcrl\u00fcs\u00fc ile m\u00fccadele etmenin gereklili\u011fine de\u011finilen seminere Marmaris Kaymakam\u0131 Nurullah Kaya, Marmaris \u0130l\u00e7e Milli E\u011fitim M\u00fcd\u00fcr\u00fc Serap Aksel, Ye\u015filay Mu\u011fla \u015eube Ba\u015fkan\u0131 Abdullah \u015eenol \u015eeng\u00fcr, Ye\u015filay uzman psikolo\u011fu&#8230;<\/p>\n","protected":false},"author":1,"featured_media":9706,"comment_status":"open","ping_status":"open","sticky":false,"template":"","format":"standard","meta":{"_crdt_document":"","footnotes":""},"categories":[1],"tags":[],"class_list":["post-9705","post","type-post","status-publish","format-standard","has-post-thumbnail","hentry","category-guncel"],"_links":{"self":[{"href":"https:\/\/www.egemtv.com\/index.php?rest_route=\/wp\/v2\/posts\/9705","targetHints":{"allow":["GET"]}}],"collection":[{"href":"https:\/\/www.egemtv.com\/index.php?rest_route=\/wp\/v2\/posts"}],"about":[{"href":"https:\/\/www.egemtv.com\/index.php?rest_route=\/wp\/v2\/types\/post"}],"author":[{"embeddable":true,"href":"https:\/\/www.egemtv.com\/index.php?rest_route=\/wp\/v2\/users\/1"}],"replies":[{"embeddable":true,"href":"https:\/\/www.egemtv.com\/index.php?rest_route=%2Fwp%2Fv2%2Fcomments&post=9705"}],"version-history":[{"count":1,"href":"https:\/\/www.egemtv.com\/index.php?rest_route=\/wp\/v2\/posts\/9705\/revisions"}],"predecessor-version":[{"id":9707,"href":"https:\/\/www.egemtv.com\/index.php?rest_route=\/wp\/v2\/posts\/9705\/revisions\/9707"}],"wp:featuredmedia":[{"embeddable":true,"href":"https:\/\/www.egemtv.com\/index.php?rest_route=\/wp\/v2\/media\/9706"}],"wp:attachment":[{"href":"https:\/\/www.egemtv.com\/index.php?rest_route=%2Fwp%2Fv2%2Fmedia&parent=9705"}],"wp:term":[{"taxonomy":"category","embeddable":true,"href":"https:\/\/www.egemtv.com\/index.php?rest_route=%2Fwp%2Fv2%2Fcategories&post=9705"},{"taxonomy":"post_tag","embeddable":true,"href":"https:\/\/www.egemtv.com\/index.php?rest_route=%2Fwp%2Fv2%2Ftags&post=9705"}],"curies":[{"name":"wp","href":"https:\/\/api.w.org\/{rel}","templated":true}]}}