{"id":9702,"date":"2025-01-16T16:22:17","date_gmt":"2025-01-16T13:22:17","guid":{"rendered":"https:\/\/www.egemtv.com\/?p=9702"},"modified":"2025-01-16T16:22:19","modified_gmt":"2025-01-16T13:22:19","slug":"efeler-belediyesinin-karnabaharlari-hasat-edildi","status":"publish","type":"post","link":"https:\/\/www.egemtv.com\/?p=9702","title":{"rendered":"Efeler Belediyesi\u2019nin karnabaharlar\u0131 hasat edildi"},"content":{"rendered":"<p>Efeler Belediyesi, I\u015f\u0131kl\u0131 Mahallesi\u2019nde yeti\u015ftirdi\u011fi karnabaharlar\u0131n hasad\u0131n\u0131 ger\u00e7ekle\u015ftirdi.<\/p>\n<p>Efeler Belediye Ba\u015fkan\u0131 An\u0131l Yeti\u015fkin, il\u00e7enin tar\u0131msal \u00fcretimini g\u00fc\u00e7lendirmeye ve vatanda\u015flar\u0131na sa\u011fl\u0131kl\u0131 g\u0131dalar sunmaya devam ediyor. Bu kapsamda Efeler Belediyesi\u2019nin kendi tar\u0131m arazilerinde yeti\u015ftirdi\u011fi ve hasat etti\u011fi karnabaharlar, Efe Bakkallarda sat\u0131\u015fa sunulacak. Vatanda\u015flar sa\u011fl\u0131kl\u0131 \u00fcr\u00fcnleri ekonomik fiyatlarla temin etme imkan\u0131 bulacak.<\/p>\n<p>Ba\u015fkan An\u0131l Yeti\u015fkim tar\u0131m\u0131n Efeler\u2019in gelece\u011finde b\u00fcy\u00fck bir \u00f6neme sahip oldu\u011funu belirterek, \u201cEfeler Belediyesi olarak, ger\u00e7ekle\u015ftirdi\u011fimiz karnabahar \u00fcretimiyle, hem \u00e7ift\u00e7ilerimize destek oluyoruz hem de halk\u0131m\u0131za taze ve sa\u011fl\u0131kl\u0131 g\u0131da sa\u011fl\u0131yoruz. \u0130l\u00e7emizde tar\u0131m\u0131 desteklemek i\u00e7in \u00e7al\u0131\u015fmalar\u0131m\u0131za devam edece\u011fiz\u201d diye konu\u015ftu.<br \/><\/p>\n","protected":false},"excerpt":{"rendered":"<p>Efeler Belediyesi, I\u015f\u0131kl\u0131 Mahallesi\u2019nde yeti\u015ftirdi\u011fi karnabaharlar\u0131n hasad\u0131n\u0131 ger\u00e7ekle\u015ftirdi. Efeler Belediye Ba\u015fkan\u0131 An\u0131l Yeti\u015fkin, il\u00e7enin tar\u0131msal \u00fcretimini g\u00fc\u00e7lendirmeye ve vatanda\u015flar\u0131na sa\u011fl\u0131kl\u0131 g\u0131dalar sunmaya devam ediyor. Bu kapsamda Efeler Belediyesi\u2019nin kendi tar\u0131m arazilerinde yeti\u015ftirdi\u011fi ve hasat etti\u011fi karnabaharlar, Efe Bakkallarda sat\u0131\u015fa sunulacak. Vatanda\u015flar sa\u011fl\u0131kl\u0131 \u00fcr\u00fcnleri ekonomik fiyatlarla temin etme imkan\u0131 bulacak. Ba\u015fkan An\u0131l Yeti\u015fkim tar\u0131m\u0131n Efeler\u2019in gelece\u011finde&#8230;<\/p>\n","protected":false},"author":1,"featured_media":9703,"comment_status":"open","ping_status":"open","sticky":false,"template":"","format":"standard","meta":{"_crdt_document":"","footnotes":""},"categories":[1],"tags":[],"class_list":["post-9702","post","type-post","status-publish","format-standard","has-post-thumbnail","hentry","category-guncel"],"_links":{"self":[{"href":"https:\/\/www.egemtv.com\/index.php?rest_route=\/wp\/v2\/posts\/9702","targetHints":{"allow":["GET"]}}],"collection":[{"href":"https:\/\/www.egemtv.com\/index.php?rest_route=\/wp\/v2\/posts"}],"about":[{"href":"https:\/\/www.egemtv.com\/index.php?rest_route=\/wp\/v2\/types\/post"}],"author":[{"embeddable":true,"href":"https:\/\/www.egemtv.com\/index.php?rest_route=\/wp\/v2\/users\/1"}],"replies":[{"embeddable":true,"href":"https:\/\/www.egemtv.com\/index.php?rest_route=%2Fwp%2Fv2%2Fcomments&post=9702"}],"version-history":[{"count":1,"href":"https:\/\/www.egemtv.com\/index.php?rest_route=\/wp\/v2\/posts\/9702\/revisions"}],"predecessor-version":[{"id":9704,"href":"https:\/\/www.egemtv.com\/index.php?rest_route=\/wp\/v2\/posts\/9702\/revisions\/9704"}],"wp:featuredmedia":[{"embeddable":true,"href":"https:\/\/www.egemtv.com\/index.php?rest_route=\/wp\/v2\/media\/9703"}],"wp:attachment":[{"href":"https:\/\/www.egemtv.com\/index.php?rest_route=%2Fwp%2Fv2%2Fmedia&parent=9702"}],"wp:term":[{"taxonomy":"category","embeddable":true,"href":"https:\/\/www.egemtv.com\/index.php?rest_route=%2Fwp%2Fv2%2Fcategories&post=9702"},{"taxonomy":"post_tag","embeddable":true,"href":"https:\/\/www.egemtv.com\/index.php?rest_route=%2Fwp%2Fv2%2Ftags&post=9702"}],"curies":[{"name":"wp","href":"https:\/\/api.w.org\/{rel}","templated":true}]}}