{"id":9699,"date":"2025-01-16T16:07:25","date_gmt":"2025-01-16T13:07:25","guid":{"rendered":"https:\/\/www.egemtv.com\/?p=9699"},"modified":"2025-01-16T16:07:28","modified_gmt":"2025-01-16T13:07:28","slug":"seydikemerde-kum-eleginin-altinda-kalarak-can-verdi","status":"publish","type":"post","link":"https:\/\/www.egemtv.com\/?p=9699","title":{"rendered":"Seydikemer\u2019de kum ele\u011finin alt\u0131nda kalarak can verdi"},"content":{"rendered":"<p>Mu\u011fla\u2019n\u0131n Seydikemer il\u00e7esinde kum ele\u011fi tamiri s\u0131ras\u0131nda meydana gelen kazada, 71 ya\u015f\u0131ndaki Veysel Gedik hayat\u0131n\u0131 kaybetti.<br \/>\n<br \/>Olay, Seydikemer il\u00e7esi Pa\u015fal\u0131 Mahallesi\u2019nde meydana geldi. Edinilen bilgiye g\u00f6re C.Y. (64), evinin yan\u0131nda bulunan kum ele\u011fini tamir etmek i\u00e7in bir kep\u00e7e yard\u0131m\u0131yla kald\u0131rd\u0131. Tamir \u00e7al\u0131\u015fmalar\u0131 devam ederken, kum ele\u011fi aniden kayarak Veysel Gedik\u2019in \u00fczerine d\u00fc\u015ft\u00fc. \u0130hbar \u00fczerine b\u00f6lgeye sa\u011fl\u0131k ve jandarma ekipleri sevk edildi. Sa\u011fl\u0131k ekipleri, Veysel Gedik\u2019in hayat\u0131n\u0131 kaybetti\u011fini belirledi. Gedik\u2019in cenazesi, Seydikemer Devlet Hastanesi morguna kald\u0131r\u0131l\u0131rken, olayla ilgili soru\u015fturma ba\u015flat\u0131ld\u0131.<br \/><\/p>\n","protected":false},"excerpt":{"rendered":"<p>Mu\u011fla\u2019n\u0131n Seydikemer il\u00e7esinde kum ele\u011fi tamiri s\u0131ras\u0131nda meydana gelen kazada, 71 ya\u015f\u0131ndaki Veysel Gedik hayat\u0131n\u0131 kaybetti. Olay, Seydikemer il\u00e7esi Pa\u015fal\u0131 Mahallesi\u2019nde meydana geldi. Edinilen bilgiye g\u00f6re C.Y. (64), evinin yan\u0131nda bulunan kum ele\u011fini tamir etmek i\u00e7in bir kep\u00e7e yard\u0131m\u0131yla kald\u0131rd\u0131. Tamir \u00e7al\u0131\u015fmalar\u0131 devam ederken, kum ele\u011fi aniden kayarak Veysel Gedik\u2019in \u00fczerine d\u00fc\u015ft\u00fc. \u0130hbar \u00fczerine b\u00f6lgeye&#8230;<\/p>\n","protected":false},"author":1,"featured_media":9700,"comment_status":"open","ping_status":"open","sticky":false,"template":"","format":"standard","meta":{"_crdt_document":"","footnotes":""},"categories":[5],"tags":[],"class_list":["post-9699","post","type-post","status-publish","format-standard","has-post-thumbnail","hentry","category-asayis"],"_links":{"self":[{"href":"https:\/\/www.egemtv.com\/index.php?rest_route=\/wp\/v2\/posts\/9699","targetHints":{"allow":["GET"]}}],"collection":[{"href":"https:\/\/www.egemtv.com\/index.php?rest_route=\/wp\/v2\/posts"}],"about":[{"href":"https:\/\/www.egemtv.com\/index.php?rest_route=\/wp\/v2\/types\/post"}],"author":[{"embeddable":true,"href":"https:\/\/www.egemtv.com\/index.php?rest_route=\/wp\/v2\/users\/1"}],"replies":[{"embeddable":true,"href":"https:\/\/www.egemtv.com\/index.php?rest_route=%2Fwp%2Fv2%2Fcomments&post=9699"}],"version-history":[{"count":1,"href":"https:\/\/www.egemtv.com\/index.php?rest_route=\/wp\/v2\/posts\/9699\/revisions"}],"predecessor-version":[{"id":9701,"href":"https:\/\/www.egemtv.com\/index.php?rest_route=\/wp\/v2\/posts\/9699\/revisions\/9701"}],"wp:featuredmedia":[{"embeddable":true,"href":"https:\/\/www.egemtv.com\/index.php?rest_route=\/wp\/v2\/media\/9700"}],"wp:attachment":[{"href":"https:\/\/www.egemtv.com\/index.php?rest_route=%2Fwp%2Fv2%2Fmedia&parent=9699"}],"wp:term":[{"taxonomy":"category","embeddable":true,"href":"https:\/\/www.egemtv.com\/index.php?rest_route=%2Fwp%2Fv2%2Fcategories&post=9699"},{"taxonomy":"post_tag","embeddable":true,"href":"https:\/\/www.egemtv.com\/index.php?rest_route=%2Fwp%2Fv2%2Ftags&post=9699"}],"curies":[{"name":"wp","href":"https:\/\/api.w.org\/{rel}","templated":true}]}}