{"id":9696,"date":"2025-01-16T15:58:12","date_gmt":"2025-01-16T12:58:12","guid":{"rendered":"https:\/\/www.egemtv.com\/?p=9696"},"modified":"2025-01-16T15:58:14","modified_gmt":"2025-01-16T12:58:14","slug":"demirci-selendi-yolu-yapimi-2025-yili-yatirim-programinda","status":"publish","type":"post","link":"https:\/\/www.egemtv.com\/?p=9696","title":{"rendered":"Demirci-Selendi yolu yap\u0131m\u0131 2025 y\u0131l\u0131 yat\u0131r\u0131m program\u0131nda"},"content":{"rendered":"<p>Demirci Belediye Ba\u015fkan\u0131 Erkan Kara, Demirci-Selendi yolu yap\u0131m i\u015finin 2025 y\u0131l\u0131 yat\u0131r\u0131m program\u0131na al\u0131nd\u0131\u011f\u0131n\u0131 a\u00e7\u0131klad\u0131.<br \/>\n<br \/>Konuyla ilgili a\u00e7\u0131klamalarda bulunan Demirci Belediye Ba\u015fkan\u0131 Erkan Kara, &#8220;\u0130l\u00e7emizin \u015fehirleraras\u0131 ula\u015f\u0131mda en iyi d\u00fczeye ula\u015fmas\u0131 i\u00e7in gayretle \u00e7al\u0131\u015fmalar\u0131m\u0131z\u0131 s\u00fcrd\u00fcr\u00fcyoruz. Salihli yolunda \u00e7al\u0131\u015fmalar devam ederken, Ula\u015ft\u0131rma ve Altyap\u0131 Bakanl\u0131\u011f\u0131nda Selendi yolu i\u00e7in g\u00f6r\u00fc\u015fmelerimizi s\u00fcrd\u00fcr\u00fcyorduk. \u0130l\u00e7emizin \u0130\u00e7 Anadolu ve Akdeniz\u2019e ba\u011flant\u0131s\u0131nda \u00f6nemli bir yol olan Demirci-Selendi yolu yap\u0131m\u0131 2025 yat\u0131r\u0131m program\u0131na al\u0131nd\u0131. Selendi yolunun yap\u0131m\u0131n\u0131n 2025 yat\u0131r\u0131m program\u0131na al\u0131nmas\u0131n\u0131 sa\u011flayan ba\u015fta Cumhurba\u015fkan\u0131m\u0131z Recep Tayyip Erdo\u011fan olmak \u00fczere Ula\u015ft\u0131rma ve Altyap\u0131 Bakan\u0131m\u0131z Abdulkadir Uralo\u011flu\u2019na, Karayollar\u0131 Genel M\u00fcd\u00fcr\u00fcm\u00fcz Ahmet G\u00fcl\u015fen\u2019e ve t\u00fcm AK Partili vekillerimize \u015fahs\u0131m ve il\u00e7em ad\u0131na g\u00f6n\u00fclden te\u015fekk\u00fcr ediyorum\u201d dedi.<br \/><\/p>\n","protected":false},"excerpt":{"rendered":"<p>Demirci Belediye Ba\u015fkan\u0131 Erkan Kara, Demirci-Selendi yolu yap\u0131m i\u015finin 2025 y\u0131l\u0131 yat\u0131r\u0131m program\u0131na al\u0131nd\u0131\u011f\u0131n\u0131 a\u00e7\u0131klad\u0131. Konuyla ilgili a\u00e7\u0131klamalarda bulunan Demirci Belediye Ba\u015fkan\u0131 Erkan Kara, &#8220;\u0130l\u00e7emizin \u015fehirleraras\u0131 ula\u015f\u0131mda en iyi d\u00fczeye ula\u015fmas\u0131 i\u00e7in gayretle \u00e7al\u0131\u015fmalar\u0131m\u0131z\u0131 s\u00fcrd\u00fcr\u00fcyoruz. Salihli yolunda \u00e7al\u0131\u015fmalar devam ederken, Ula\u015ft\u0131rma ve Altyap\u0131 Bakanl\u0131\u011f\u0131nda Selendi yolu i\u00e7in g\u00f6r\u00fc\u015fmelerimizi s\u00fcrd\u00fcr\u00fcyorduk. \u0130l\u00e7emizin \u0130\u00e7 Anadolu ve Akdeniz\u2019e ba\u011flant\u0131s\u0131nda&#8230;<\/p>\n","protected":false},"author":1,"featured_media":9697,"comment_status":"open","ping_status":"open","sticky":false,"template":"","format":"standard","meta":{"_crdt_document":"","footnotes":""},"categories":[1],"tags":[],"class_list":["post-9696","post","type-post","status-publish","format-standard","has-post-thumbnail","hentry","category-guncel"],"_links":{"self":[{"href":"https:\/\/www.egemtv.com\/index.php?rest_route=\/wp\/v2\/posts\/9696","targetHints":{"allow":["GET"]}}],"collection":[{"href":"https:\/\/www.egemtv.com\/index.php?rest_route=\/wp\/v2\/posts"}],"about":[{"href":"https:\/\/www.egemtv.com\/index.php?rest_route=\/wp\/v2\/types\/post"}],"author":[{"embeddable":true,"href":"https:\/\/www.egemtv.com\/index.php?rest_route=\/wp\/v2\/users\/1"}],"replies":[{"embeddable":true,"href":"https:\/\/www.egemtv.com\/index.php?rest_route=%2Fwp%2Fv2%2Fcomments&post=9696"}],"version-history":[{"count":1,"href":"https:\/\/www.egemtv.com\/index.php?rest_route=\/wp\/v2\/posts\/9696\/revisions"}],"predecessor-version":[{"id":9698,"href":"https:\/\/www.egemtv.com\/index.php?rest_route=\/wp\/v2\/posts\/9696\/revisions\/9698"}],"wp:featuredmedia":[{"embeddable":true,"href":"https:\/\/www.egemtv.com\/index.php?rest_route=\/wp\/v2\/media\/9697"}],"wp:attachment":[{"href":"https:\/\/www.egemtv.com\/index.php?rest_route=%2Fwp%2Fv2%2Fmedia&parent=9696"}],"wp:term":[{"taxonomy":"category","embeddable":true,"href":"https:\/\/www.egemtv.com\/index.php?rest_route=%2Fwp%2Fv2%2Fcategories&post=9696"},{"taxonomy":"post_tag","embeddable":true,"href":"https:\/\/www.egemtv.com\/index.php?rest_route=%2Fwp%2Fv2%2Ftags&post=9696"}],"curies":[{"name":"wp","href":"https:\/\/api.w.org\/{rel}","templated":true}]}}