{"id":9693,"date":"2025-01-16T15:52:17","date_gmt":"2025-01-16T12:52:17","guid":{"rendered":"https:\/\/www.egemtv.com\/?p=9693"},"modified":"2025-01-16T15:52:19","modified_gmt":"2025-01-16T12:52:19","slug":"nazilli-zabitasindan-persembe-pazarinda-ornek-davranis","status":"publish","type":"post","link":"https:\/\/www.egemtv.com\/?p=9693","title":{"rendered":"Nazilli zab\u0131tas\u0131ndan Per\u015fembe pazar\u0131nda \u00f6rnek davran\u0131\u015f"},"content":{"rendered":"<p>Nazilli Belediyesi Zab\u0131ta M\u00fcd\u00fcrl\u00fc\u011f\u00fc ekipleri, \u00e7evre temizli\u011fi konusunda fark\u0131ndal\u0131k olu\u015fturmak amac\u0131yla Per\u015fembe Pazar\u0131nda \u00f6rnek bir projeye imza att\u0131.<\/p>\n<p>Her hafta Per\u015fembe g\u00fcn\u00fc kurulan ve b\u00f6lgenin en b\u00fcy\u00fck pazarlar\u0131 aras\u0131nda yer alan lokasyonda, zab\u0131ta ekipleri esnafa \u00e7\u00f6p po\u015feti da\u011f\u0131tarak duyarl\u0131l\u0131k \u00e7a\u011fr\u0131s\u0131nda bulundu. Pazar esnaf\u0131n\u0131n ve vatanda\u015flar\u0131n daha temiz bir al\u0131\u015fveri\u015f ortam\u0131nda bulunmas\u0131n\u0131 hedefleyen \u00e7al\u0131\u015fma halk taraf\u0131ndan da olumlu kar\u015f\u0131land\u0131. \u00c7\u00f6p po\u015fetleri da\u011f\u0131t\u0131l\u0131rken esnafla birebir g\u00f6r\u00fc\u015fen zab\u0131ta ekipleri, temiz bir \u00e7evre i\u00e7in i\u015f birli\u011finin \u00f6neminin alt\u0131n\u0131 \u00e7izdi.<br \/><\/p>\n","protected":false},"excerpt":{"rendered":"<p>Nazilli Belediyesi Zab\u0131ta M\u00fcd\u00fcrl\u00fc\u011f\u00fc ekipleri, \u00e7evre temizli\u011fi konusunda fark\u0131ndal\u0131k olu\u015fturmak amac\u0131yla Per\u015fembe Pazar\u0131nda \u00f6rnek bir projeye imza att\u0131. Her hafta Per\u015fembe g\u00fcn\u00fc kurulan ve b\u00f6lgenin en b\u00fcy\u00fck pazarlar\u0131 aras\u0131nda yer alan lokasyonda, zab\u0131ta ekipleri esnafa \u00e7\u00f6p po\u015feti da\u011f\u0131tarak duyarl\u0131l\u0131k \u00e7a\u011fr\u0131s\u0131nda bulundu. Pazar esnaf\u0131n\u0131n ve vatanda\u015flar\u0131n daha temiz bir al\u0131\u015fveri\u015f ortam\u0131nda bulunmas\u0131n\u0131 hedefleyen \u00e7al\u0131\u015fma halk taraf\u0131ndan&#8230;<\/p>\n","protected":false},"author":1,"featured_media":9694,"comment_status":"open","ping_status":"open","sticky":false,"template":"","format":"standard","meta":{"_crdt_document":"","footnotes":""},"categories":[1],"tags":[],"class_list":["post-9693","post","type-post","status-publish","format-standard","has-post-thumbnail","hentry","category-guncel"],"_links":{"self":[{"href":"https:\/\/www.egemtv.com\/index.php?rest_route=\/wp\/v2\/posts\/9693","targetHints":{"allow":["GET"]}}],"collection":[{"href":"https:\/\/www.egemtv.com\/index.php?rest_route=\/wp\/v2\/posts"}],"about":[{"href":"https:\/\/www.egemtv.com\/index.php?rest_route=\/wp\/v2\/types\/post"}],"author":[{"embeddable":true,"href":"https:\/\/www.egemtv.com\/index.php?rest_route=\/wp\/v2\/users\/1"}],"replies":[{"embeddable":true,"href":"https:\/\/www.egemtv.com\/index.php?rest_route=%2Fwp%2Fv2%2Fcomments&post=9693"}],"version-history":[{"count":1,"href":"https:\/\/www.egemtv.com\/index.php?rest_route=\/wp\/v2\/posts\/9693\/revisions"}],"predecessor-version":[{"id":9695,"href":"https:\/\/www.egemtv.com\/index.php?rest_route=\/wp\/v2\/posts\/9693\/revisions\/9695"}],"wp:featuredmedia":[{"embeddable":true,"href":"https:\/\/www.egemtv.com\/index.php?rest_route=\/wp\/v2\/media\/9694"}],"wp:attachment":[{"href":"https:\/\/www.egemtv.com\/index.php?rest_route=%2Fwp%2Fv2%2Fmedia&parent=9693"}],"wp:term":[{"taxonomy":"category","embeddable":true,"href":"https:\/\/www.egemtv.com\/index.php?rest_route=%2Fwp%2Fv2%2Fcategories&post=9693"},{"taxonomy":"post_tag","embeddable":true,"href":"https:\/\/www.egemtv.com\/index.php?rest_route=%2Fwp%2Fv2%2Ftags&post=9693"}],"curies":[{"name":"wp","href":"https:\/\/api.w.org\/{rel}","templated":true}]}}