{"id":9690,"date":"2025-01-16T15:52:15","date_gmt":"2025-01-16T12:52:15","guid":{"rendered":"https:\/\/www.egemtv.com\/?p=9690"},"modified":"2025-01-16T15:52:17","modified_gmt":"2025-01-16T12:52:17","slug":"aydinda-189-bin-ogrenci-karne-alacak","status":"publish","type":"post","link":"https:\/\/www.egemtv.com\/?p=9690","title":{"rendered":"Ayd\u0131n\u2019da 189 bin \u00f6\u011frenci karne alacak"},"content":{"rendered":"<p>Ayd\u0131n\u2019da 2024-2025 e\u011fitim \u00f6\u011fretim y\u0131l\u0131n\u0131n ilk d\u00f6neminin yar\u0131n sona ermesi ile 189 bin 372 \u00f6\u011frenci karne heyecan\u0131 ya\u015fayacak.<\/p>\n<p>\u00dclke genelinde oldu\u011fu gibi Ayd\u0131n\u2019da da 2024-25 E\u011fitim \u00d6\u011fretim Y\u0131l\u0131\u2019n\u0131n ilk d\u00f6neminin sona ermesiyle birlikte binlerce \u00f6\u011frenci yar\u0131y\u0131l tatiline \u00e7\u0131kacak. \u0130l genelinde 878 okulda e\u011fitim g\u00f6ren 189 bin 372 \u00f6\u011frenci karne heyecan\u0131 ya\u015fayacak. \u00d6\u011frenciler 17 Ocak Cuma g\u00fcn\u00fc karnelerini al\u0131rken, 15 bin 727 \u00f6\u011fretmen de yar\u0131y\u0131l tatiline girecek. \u00d6\u011frenciler, yo\u011fun ge\u00e7en d\u00f6nemin ard\u0131ndan dinlenme f\u0131rsat\u0131 yakalayacak. Yar\u0131y\u0131l tatilinin ard\u0131ndan ikinci d\u00f6nem 31 Ocak 2025 g\u00fcn\u00fc tekrar ba\u015flayacak.<br \/><\/p>\n","protected":false},"excerpt":{"rendered":"<p>Ayd\u0131n\u2019da 2024-2025 e\u011fitim \u00f6\u011fretim y\u0131l\u0131n\u0131n ilk d\u00f6neminin yar\u0131n sona ermesi ile 189 bin 372 \u00f6\u011frenci karne heyecan\u0131 ya\u015fayacak. \u00dclke genelinde oldu\u011fu gibi Ayd\u0131n\u2019da da 2024-25 E\u011fitim \u00d6\u011fretim Y\u0131l\u0131\u2019n\u0131n ilk d\u00f6neminin sona ermesiyle birlikte binlerce \u00f6\u011frenci yar\u0131y\u0131l tatiline \u00e7\u0131kacak. \u0130l genelinde 878 okulda e\u011fitim g\u00f6ren 189 bin 372 \u00f6\u011frenci karne heyecan\u0131 ya\u015fayacak. \u00d6\u011frenciler 17 Ocak Cuma&#8230;<\/p>\n","protected":false},"author":1,"featured_media":9691,"comment_status":"open","ping_status":"open","sticky":false,"template":"","format":"standard","meta":{"_crdt_document":"","footnotes":""},"categories":[1],"tags":[],"class_list":["post-9690","post","type-post","status-publish","format-standard","has-post-thumbnail","hentry","category-guncel"],"_links":{"self":[{"href":"https:\/\/www.egemtv.com\/index.php?rest_route=\/wp\/v2\/posts\/9690","targetHints":{"allow":["GET"]}}],"collection":[{"href":"https:\/\/www.egemtv.com\/index.php?rest_route=\/wp\/v2\/posts"}],"about":[{"href":"https:\/\/www.egemtv.com\/index.php?rest_route=\/wp\/v2\/types\/post"}],"author":[{"embeddable":true,"href":"https:\/\/www.egemtv.com\/index.php?rest_route=\/wp\/v2\/users\/1"}],"replies":[{"embeddable":true,"href":"https:\/\/www.egemtv.com\/index.php?rest_route=%2Fwp%2Fv2%2Fcomments&post=9690"}],"version-history":[{"count":1,"href":"https:\/\/www.egemtv.com\/index.php?rest_route=\/wp\/v2\/posts\/9690\/revisions"}],"predecessor-version":[{"id":9692,"href":"https:\/\/www.egemtv.com\/index.php?rest_route=\/wp\/v2\/posts\/9690\/revisions\/9692"}],"wp:featuredmedia":[{"embeddable":true,"href":"https:\/\/www.egemtv.com\/index.php?rest_route=\/wp\/v2\/media\/9691"}],"wp:attachment":[{"href":"https:\/\/www.egemtv.com\/index.php?rest_route=%2Fwp%2Fv2%2Fmedia&parent=9690"}],"wp:term":[{"taxonomy":"category","embeddable":true,"href":"https:\/\/www.egemtv.com\/index.php?rest_route=%2Fwp%2Fv2%2Fcategories&post=9690"},{"taxonomy":"post_tag","embeddable":true,"href":"https:\/\/www.egemtv.com\/index.php?rest_route=%2Fwp%2Fv2%2Ftags&post=9690"}],"curies":[{"name":"wp","href":"https:\/\/api.w.org\/{rel}","templated":true}]}}