{"id":9687,"date":"2025-01-16T15:45:54","date_gmt":"2025-01-16T12:45:54","guid":{"rendered":"https:\/\/www.egemtv.com\/?p=9687"},"modified":"2025-01-16T15:45:55","modified_gmt":"2025-01-16T12:45:55","slug":"fethiyede-alacak-verecek-tartismasi-kanli-bitti","status":"publish","type":"post","link":"https:\/\/www.egemtv.com\/?p=9687","title":{"rendered":"Fethiye\u2019de alacak verecek tart\u0131\u015fmas\u0131 kanl\u0131 bitti"},"content":{"rendered":"<p>Mu\u011fla\u2019n\u0131n Fethiye il\u00e7esinde, alacak verecek meselesinden \u00e7\u0131kt\u0131\u011f\u0131 iddia edilen tart\u0131\u015fmada bir ki\u015fi silahla vurularak yaraland\u0131.<br \/>\n<br \/>Olay, Kara\u00e7ulha Mahallesi Bucak Caddesi \u00fczerinde bulunan bir market \u00f6n\u00fcnde meydana geldi. Edinilen bilgiye g\u00f6re, iddiaya g\u00f6re alacak verecek meselesi y\u00fcz\u00fcnden ya\u015fanan tart\u0131\u015fmada bir ki\u015fi, ara\u00e7 i\u00e7erisinde bulunan B.A.\u2019y\u0131 sa\u011f bald\u0131r\u0131ndan yaralayarak olay yerinden ka\u00e7t\u0131. Olay\u0131 g\u00f6renler durumu 112 Acil \u00c7a\u011fr\u0131 Merkezi\u2019ne bildirdi. \u0130hbar \u00fczerine b\u00f6lgeye polis ve sa\u011fl\u0131k ekipleri sevk edildi. K\u0131sa s\u00fcrede olay yerine gelen sa\u011fl\u0131k ekipleri ilk m\u00fcdahalesini yapt\u0131klar\u0131 yaral\u0131y\u0131 ambulansla hastaneye kald\u0131rd\u0131. Fethiye Asayi\u015f B\u00fcro Amirli\u011fi ekipleri ka\u00e7an sald\u0131rgan\u0131 yakalamak i\u00e7in \u00e7al\u0131\u015fma ba\u015flat\u0131rken, yap\u0131lan incelemelerde sald\u0131rgan\u0131n T.E. oldu\u011fu tespit edildi. \u015e\u00fcpheli tabanca ile birlikte yakalanarak g\u00f6zalt\u0131na al\u0131nd\u0131. Tedavisi s\u00fcren B.A.\u2019ya ait ara\u00e7ta da bir adet tabanca bulundu\u011fu bilgisine ula\u015f\u0131ld\u0131.<br \/>\n<br \/>Olayla ilgili soru\u015fturma s\u00fcr\u00fcyor.<br \/><\/p>\n","protected":false},"excerpt":{"rendered":"<p>Mu\u011fla\u2019n\u0131n Fethiye il\u00e7esinde, alacak verecek meselesinden \u00e7\u0131kt\u0131\u011f\u0131 iddia edilen tart\u0131\u015fmada bir ki\u015fi silahla vurularak yaraland\u0131. Olay, Kara\u00e7ulha Mahallesi Bucak Caddesi \u00fczerinde bulunan bir market \u00f6n\u00fcnde meydana geldi. Edinilen bilgiye g\u00f6re, iddiaya g\u00f6re alacak verecek meselesi y\u00fcz\u00fcnden ya\u015fanan tart\u0131\u015fmada bir ki\u015fi, ara\u00e7 i\u00e7erisinde bulunan B.A.\u2019y\u0131 sa\u011f bald\u0131r\u0131ndan yaralayarak olay yerinden ka\u00e7t\u0131. Olay\u0131 g\u00f6renler durumu 112 Acil&#8230;<\/p>\n","protected":false},"author":1,"featured_media":9688,"comment_status":"open","ping_status":"open","sticky":false,"template":"","format":"standard","meta":{"_crdt_document":"","footnotes":""},"categories":[5],"tags":[],"class_list":["post-9687","post","type-post","status-publish","format-standard","has-post-thumbnail","hentry","category-asayis"],"_links":{"self":[{"href":"https:\/\/www.egemtv.com\/index.php?rest_route=\/wp\/v2\/posts\/9687","targetHints":{"allow":["GET"]}}],"collection":[{"href":"https:\/\/www.egemtv.com\/index.php?rest_route=\/wp\/v2\/posts"}],"about":[{"href":"https:\/\/www.egemtv.com\/index.php?rest_route=\/wp\/v2\/types\/post"}],"author":[{"embeddable":true,"href":"https:\/\/www.egemtv.com\/index.php?rest_route=\/wp\/v2\/users\/1"}],"replies":[{"embeddable":true,"href":"https:\/\/www.egemtv.com\/index.php?rest_route=%2Fwp%2Fv2%2Fcomments&post=9687"}],"version-history":[{"count":1,"href":"https:\/\/www.egemtv.com\/index.php?rest_route=\/wp\/v2\/posts\/9687\/revisions"}],"predecessor-version":[{"id":9689,"href":"https:\/\/www.egemtv.com\/index.php?rest_route=\/wp\/v2\/posts\/9687\/revisions\/9689"}],"wp:featuredmedia":[{"embeddable":true,"href":"https:\/\/www.egemtv.com\/index.php?rest_route=\/wp\/v2\/media\/9688"}],"wp:attachment":[{"href":"https:\/\/www.egemtv.com\/index.php?rest_route=%2Fwp%2Fv2%2Fmedia&parent=9687"}],"wp:term":[{"taxonomy":"category","embeddable":true,"href":"https:\/\/www.egemtv.com\/index.php?rest_route=%2Fwp%2Fv2%2Fcategories&post=9687"},{"taxonomy":"post_tag","embeddable":true,"href":"https:\/\/www.egemtv.com\/index.php?rest_route=%2Fwp%2Fv2%2Ftags&post=9687"}],"curies":[{"name":"wp","href":"https:\/\/api.w.org\/{rel}","templated":true}]}}