{"id":9684,"date":"2025-01-16T15:31:01","date_gmt":"2025-01-16T12:31:01","guid":{"rendered":"https:\/\/www.egemtv.com\/?p=9684"},"modified":"2025-01-16T15:31:03","modified_gmt":"2025-01-16T12:31:03","slug":"muglada-kadin-meclisleri-kuruldu","status":"publish","type":"post","link":"https:\/\/www.egemtv.com\/?p=9684","title":{"rendered":"Mu\u011fla\u2019da \u201cKad\u0131n Meclisleri\u201d kuruldu"},"content":{"rendered":"<p>K\u0131y\u0131 Ege Belediyeler Birli\u011fi ve Mu\u011fla B\u00fcy\u00fck\u015fehir Belediye Ba\u015fkan\u0131 Ahmet Aras\u2019\u0131n adil ve kat\u0131l\u0131mc\u0131 kent politikas\u0131n\u0131n \u00f6nemli ad\u0131mlar\u0131ndan biri olan Kad\u0131n Mahalle Meclislerinin, Mente\u015fe, Fethiye ve Ula\u2019dan sonra di\u011fer il\u00e7elerde de kurulmas\u0131 i\u00e7in \u00e7al\u0131\u015fmalar s\u00fcr\u00fcyor.<br \/>\n<br \/>Mente\u015fe, Fethiye ve Ula\u2019da Kad\u0131n Mahalle Meclisi kuruldu;<br \/>\n<br \/>Mu\u011fla B\u00fcy\u00fck\u015fehir Belediyesi Kad\u0131n ve Aile Hizmetleri Dairesi Ba\u015fkanl\u0131\u011f\u0131 taraf\u0131ndan ba\u015flat\u0131lan \u201cKad\u0131nlar Kentini Y\u00f6netiyor\u201d slogan\u0131yla hayata ge\u00e7irilen Kad\u0131n Mahalle Meclislerinin ilki, Mente\u015fe il\u00e7esinde kurularak ilk toplant\u0131s\u0131n\u0131 K\u00f6tekli Mahallesi\u2019nde ger\u00e7ekle\u015ftirdi.<br \/>\n<br \/>Kad\u0131nlar\u0131n yerel y\u00f6netimlere kat\u0131l\u0131m\u0131n\u0131 g\u00fc\u00e7lendirmeyi ve daha adil kapsay\u0131c\u0131 bir kent ya\u015fam\u0131 olu\u015fturmay\u0131 hedefleyen Kad\u0131n Mahalle Meclisleri, K\u00f6tekli Gen\u00e7lik Merkezi\u2019nde d\u00fczenlenen ilk toplant\u0131s\u0131na 40 kad\u0131n\u0131n kat\u0131l\u0131m\u0131yla ba\u015flad\u0131. Mente\u015fe\u2019deki bu ilk bulu\u015fman\u0131n ard\u0131ndan Kad\u0131n Mahalle Meclisi toplant\u0131lar\u0131, Fethiye\u2019nin Kesikkap\u0131 Mahallesi\u2019nde ve Ula\u2019n\u0131n Akyaka Mahallesi\u2019nde devam etti.<br \/>\n<br \/>Adil kent y\u00f6netiminde kad\u0131nlar daha fazla s\u00f6z sahibi oluyor<br \/>\n<br \/>Kad\u0131n ve Aile Hizmetleri Dairesi Ba\u015fkanl\u0131\u011f\u0131 ile il\u00e7e belediyelerinin i\u015f birli\u011fiyle d\u00fczenlenen toplant\u0131larda, kad\u0131nlar\u0131n mahalle ve kent y\u00f6netimine daha aktif kat\u0131l\u0131m\u0131n\u0131 sa\u011flamak amac\u0131yla y\u00fcr\u00fct\u00fclen \u00e7al\u0131\u015fmalar ele al\u0131nd\u0131. Toplant\u0131larda, meclis \u00fcyesi kad\u0131nlar \u201cNas\u0131l bir kentte ya\u015famak istiyorum?\u201d ve \u201c\u0130htiya\u00e7lar\u0131m\u0131z\u0131 neye g\u00f6re belirliyoruz?\u201d sorular\u0131 \u00fczerinde d\u00fc\u015f\u00fcnerek, kendi taleplerini ve g\u00f6r\u00fc\u015flerini dile getirme f\u0131rsat\u0131 buldu.<br \/>\n<br \/>Mu\u011fla B\u00fcy\u00fck\u015fehir Belediye Ba\u015fkan\u0131 Ahmet Aras: \u201cMu\u011fla\u2019m\u0131zda en b\u00fcy\u00fck hedeflerimizden biri, kad\u0131nlar\u0131n kent y\u00f6netiminde daha fazla s\u00f6z sahibi olmas\u0131n\u0131 sa\u011flamakt\u0131r. Hayata ge\u00e7irdi\u011fimiz ve dayan\u0131\u015fman\u0131n adresi, kad\u0131nlar\u0131n iradesi olacak Kad\u0131n Mahalle Meclisleri projesi sayesinde, kad\u0131nlar\u0131m\u0131z\u0131n sorunlar\u0131n\u0131, taleplerini ve fikirlerini ifade edebilecekleri bir platform olu\u015fturuyoruz. Kad\u0131nlar\u0131n e\u015fit temsil hakk\u0131n\u0131 savunmaya kararl\u0131l\u0131kla devam edece\u011fiz. Bu noktada Kad\u0131n Mahalle Meclislerinin, bu hedefe do\u011fru at\u0131lm\u0131\u015f \u00f6nemli bir ad\u0131m oldu\u011funa inan\u0131yoruz\u201d dedi.<br \/><\/p>\n","protected":false},"excerpt":{"rendered":"<p>K\u0131y\u0131 Ege Belediyeler Birli\u011fi ve Mu\u011fla B\u00fcy\u00fck\u015fehir Belediye Ba\u015fkan\u0131 Ahmet Aras\u2019\u0131n adil ve kat\u0131l\u0131mc\u0131 kent politikas\u0131n\u0131n \u00f6nemli ad\u0131mlar\u0131ndan biri olan Kad\u0131n Mahalle Meclislerinin, Mente\u015fe, Fethiye ve Ula\u2019dan sonra di\u011fer il\u00e7elerde de kurulmas\u0131 i\u00e7in \u00e7al\u0131\u015fmalar s\u00fcr\u00fcyor. Mente\u015fe, Fethiye ve Ula\u2019da Kad\u0131n Mahalle Meclisi kuruldu; Mu\u011fla B\u00fcy\u00fck\u015fehir Belediyesi Kad\u0131n ve Aile Hizmetleri Dairesi Ba\u015fkanl\u0131\u011f\u0131 taraf\u0131ndan ba\u015flat\u0131lan \u201cKad\u0131nlar&#8230;<\/p>\n","protected":false},"author":1,"featured_media":9685,"comment_status":"open","ping_status":"open","sticky":false,"template":"","format":"standard","meta":{"_crdt_document":"","footnotes":""},"categories":[123],"tags":[],"class_list":["post-9684","post","type-post","status-publish","format-standard","has-post-thumbnail","hentry","category-gundem"],"_links":{"self":[{"href":"https:\/\/www.egemtv.com\/index.php?rest_route=\/wp\/v2\/posts\/9684","targetHints":{"allow":["GET"]}}],"collection":[{"href":"https:\/\/www.egemtv.com\/index.php?rest_route=\/wp\/v2\/posts"}],"about":[{"href":"https:\/\/www.egemtv.com\/index.php?rest_route=\/wp\/v2\/types\/post"}],"author":[{"embeddable":true,"href":"https:\/\/www.egemtv.com\/index.php?rest_route=\/wp\/v2\/users\/1"}],"replies":[{"embeddable":true,"href":"https:\/\/www.egemtv.com\/index.php?rest_route=%2Fwp%2Fv2%2Fcomments&post=9684"}],"version-history":[{"count":1,"href":"https:\/\/www.egemtv.com\/index.php?rest_route=\/wp\/v2\/posts\/9684\/revisions"}],"predecessor-version":[{"id":9686,"href":"https:\/\/www.egemtv.com\/index.php?rest_route=\/wp\/v2\/posts\/9684\/revisions\/9686"}],"wp:featuredmedia":[{"embeddable":true,"href":"https:\/\/www.egemtv.com\/index.php?rest_route=\/wp\/v2\/media\/9685"}],"wp:attachment":[{"href":"https:\/\/www.egemtv.com\/index.php?rest_route=%2Fwp%2Fv2%2Fmedia&parent=9684"}],"wp:term":[{"taxonomy":"category","embeddable":true,"href":"https:\/\/www.egemtv.com\/index.php?rest_route=%2Fwp%2Fv2%2Fcategories&post=9684"},{"taxonomy":"post_tag","embeddable":true,"href":"https:\/\/www.egemtv.com\/index.php?rest_route=%2Fwp%2Fv2%2Ftags&post=9684"}],"curies":[{"name":"wp","href":"https:\/\/api.w.org\/{rel}","templated":true}]}}