{"id":9678,"date":"2025-01-16T15:22:02","date_gmt":"2025-01-16T12:22:02","guid":{"rendered":"https:\/\/www.egemtv.com\/?p=9678"},"modified":"2025-01-16T15:22:04","modified_gmt":"2025-01-16T12:22:04","slug":"baskan-ertemur-9-ayda-1-milyar-250-milyonluk-borcun-276-milyonunu-odedik","status":"publish","type":"post","link":"https:\/\/www.egemtv.com\/?p=9678","title":{"rendered":"Ba\u015fkan Ertemur; &#8220;9 ayda 1 milyar 250 milyonluk borcun 276 milyonunu \u00f6dedik\u201d"},"content":{"rendered":"<p>Pamukkale Belediye Ba\u015fkan\u0131 Ali R\u0131za Ertemur, \u201cG\u00f6reve geldi\u011fimizde 1 milyar 250 milyon borcumuz vard\u0131. 15 Ocak itibari ile 974 milyon TL\u2019ye indirdik. 2025\u2019te kendi b\u00fct\u00e7emizle kendi projelerimizle daha farkl\u0131 bir Pamukkale olacak\u201d dedi.<\/p>\n<p>Pamukkale Belediye Ba\u015fkan\u0131 Ali R\u0131za Ertemur, 10 Ocak \u00c7al\u0131\u015fan Gazeteciler G\u00fcn\u00fc dolay\u0131s\u0131yla Denizli\u2019de g\u00f6rev yapan yerel ve ulusal medya kurulu\u015flar\u0131n\u0131n temsilcileriyle bulu\u015ftu. 2024 y\u0131l\u0131 de\u011ferlendirmesi ve 2025 y\u0131l\u0131 hedefleri hakk\u0131nda a\u00e7\u0131klamalarda bulunan Ba\u015fkan Ertemur, il\u00e7enin sorunlar\u0131 ve belediyenin y\u00fcr\u00fctt\u00fc\u011f\u00fc \u00e7al\u0131\u015fmalar hakk\u0131nda kapsaml\u0131 bilgiler verdi. Ba\u015fkan Ertemur, Pamukkale travertenleri b\u00f6lgesindeki esnaf\u0131n ya\u015fad\u0131\u011f\u0131 sorunlara ili\u015fkin \u00e7\u00f6z\u00fcm odakl\u0131 \u00e7al\u0131\u015fmalar y\u00fcr\u00fct\u00fcld\u00fc\u011f\u00fcn\u00fc belirtti.<\/p>\n<p>10 Ocak bulu\u015fmas\u0131n\u0131n sa\u011fl\u0131k sorunlar\u0131 nedeniyle gecikti\u011fini s\u00f6yleyen Ba\u015fkan Ertemur, \u201cDaha \u00f6nce bas\u0131n mensuplar\u0131 ile bir araya gelip 2024 de\u011ferlendirmesi yapacakt\u0131k. Sa\u011fl\u0131k nedenlerimden dolay\u0131 ertelemek zorunda kald\u0131k. Yeni y\u0131l\u0131n\u0131z\u0131 kutlar\u0131m. Yeni yollarda, yeni ba\u015far\u0131larda bulu\u015fal\u0131m. 2025 bar\u0131\u015f ve karde\u015flik getirsin. 10 Ocak \u00c7al\u0131\u015fan Gazeteciler G\u00fcn\u00fc de kutlu olsun\u201d dedi.<\/p>\n<p>\u201c9 ayl\u0131k s\u00fcre\u00e7te 276 milyonluk bor\u00e7 \u00f6dedik\u201d<br \/>\n<br \/>2024 y\u0131l\u0131 de\u011ferlendirmesi ve 2025 y\u0131l\u0131 hedefleri hakk\u0131nda a\u00e7\u0131klamalarda bulunan Ba\u015fkan Ertemur, 9 ayl\u0131k s\u00fcre\u00e7te belediyeyi ciddi bir bor\u00e7 y\u00fck\u00fcnden kurtard\u0131klar\u0131n\u0131 belirterek; \u201c3 Nisan\u2019da g\u00f6revi ald\u0131\u011f\u0131m\u0131zda kar\u015f\u0131m\u0131za \u00e7\u0131kan tablo bizi \u015foka sokmu\u015ftu. Kar\u015f\u0131m\u0131za \u00e7\u0131kan tablo ne kadar olumsuz olursa olsun bizleri y\u0131ld\u0131rmayaca\u011f\u0131n\u0131, bahane olarak g\u00f6rmeyece\u011fimizi s\u00f6yledik. Bekledi\u011fimizden daha vahim bir tablo \u00e7\u0131kt\u0131 ama bu \u015fehirde ya\u015fayan insanlar\u0131n mutlulu\u011fu hak etti\u011fine inan\u0131yorduk. 9 ayl\u0131k s\u00fcre\u00e7te belediye y\u00f6netimini ve ekonomisini disiplin alt\u0131na ald\u0131k. 2025\u2019te kendi b\u00fct\u00e7emizle kendi projelerimizle daha farkl\u0131 bir Pamukkale olacak. 2024 b\u00fct\u00e7esi bizim de\u011fildi. Geldi\u011fimizde kasa bombo\u015ftu. \u0130\u015f\u00e7i maa\u015flar\u0131n\u0131n \u00f6denmesi bile zordu. Bu durumu ivedilikle kredi ile \u00e7\u00f6zd\u00fck. Maa\u015flar\u0131 \u00f6deyemeyen bir belediye \u015fahs\u0131m ad\u0131na kabul edemeyece\u011fim bir durumdu. 1 milyar 250 milyon borcumuz vard\u0131. 15 Ocak itibari ile 974 milyon TL\u2019ye indirdik. Bu s\u00fcre\u00e7te yat\u0131r\u0131mlar\u0131m\u0131z devam etti\u201d diye konu\u015ftu.<\/p>\n<p>&#8220;Att\u0131\u011f\u0131m\u0131z ad\u0131mlar ve gelece\u011fe y\u00f6nelik&#8221;<br \/>\n<br \/>\u0130l\u00e7e merkezinde park ve bah\u00e7eler ile fen i\u015fleri m\u00fcd\u00fcrl\u00fc\u011f\u00fcne ili\u015fkin gelen \u015fikayetlerin de\u011ferlendirildi\u011fini ve bu konularda iyile\u015ftirmeler yap\u0131ld\u0131\u011f\u0131n\u0131 ifade eden Ba\u015fkan Ertemur, &#8220;Yeni projeler de hayata ge\u00e7irilecek bu konuda \u00e7al\u0131\u015fmalar\u0131m\u0131z s\u00fcr\u00fcyor. Ge\u00e7mi\u015f d\u00f6nemde biriken bor\u00e7lar\u0131n kapat\u0131lmas\u0131 i\u00e7in yo\u011fun \u00e7aba sarf ettik. Pamukkale\u2019yi daha iyi bir hale getirmek i\u00e7in vatanda\u015flarla birlikte olmal\u0131y\u0131z. Pamukkale\u2019yi daha ya\u015fanabilir bir yer yapmak amac\u0131yla att\u0131\u011f\u0131m\u0131z ad\u0131mlar ve gelece\u011fe y\u00f6nelik projeleri kamuoyunda da takdir toplad\u0131&#8221; \u015feklinde konu\u015ftu.<br \/><\/p>\n","protected":false},"excerpt":{"rendered":"<p>Pamukkale Belediye Ba\u015fkan\u0131 Ali R\u0131za Ertemur, \u201cG\u00f6reve geldi\u011fimizde 1 milyar 250 milyon borcumuz vard\u0131. 15 Ocak itibari ile 974 milyon TL\u2019ye indirdik. 2025\u2019te kendi b\u00fct\u00e7emizle kendi projelerimizle daha farkl\u0131 bir Pamukkale olacak\u201d dedi. Pamukkale Belediye Ba\u015fkan\u0131 Ali R\u0131za Ertemur, 10 Ocak \u00c7al\u0131\u015fan Gazeteciler G\u00fcn\u00fc dolay\u0131s\u0131yla Denizli\u2019de g\u00f6rev yapan yerel ve ulusal medya kurulu\u015flar\u0131n\u0131n temsilcileriyle bulu\u015ftu&#8230;.<\/p>\n","protected":false},"author":1,"featured_media":9679,"comment_status":"open","ping_status":"open","sticky":false,"template":"","format":"standard","meta":{"_crdt_document":"","footnotes":""},"categories":[127],"tags":[],"class_list":["post-9678","post","type-post","status-publish","format-standard","has-post-thumbnail","hentry","category-siyaset"],"_links":{"self":[{"href":"https:\/\/www.egemtv.com\/index.php?rest_route=\/wp\/v2\/posts\/9678","targetHints":{"allow":["GET"]}}],"collection":[{"href":"https:\/\/www.egemtv.com\/index.php?rest_route=\/wp\/v2\/posts"}],"about":[{"href":"https:\/\/www.egemtv.com\/index.php?rest_route=\/wp\/v2\/types\/post"}],"author":[{"embeddable":true,"href":"https:\/\/www.egemtv.com\/index.php?rest_route=\/wp\/v2\/users\/1"}],"replies":[{"embeddable":true,"href":"https:\/\/www.egemtv.com\/index.php?rest_route=%2Fwp%2Fv2%2Fcomments&post=9678"}],"version-history":[{"count":1,"href":"https:\/\/www.egemtv.com\/index.php?rest_route=\/wp\/v2\/posts\/9678\/revisions"}],"predecessor-version":[{"id":9680,"href":"https:\/\/www.egemtv.com\/index.php?rest_route=\/wp\/v2\/posts\/9678\/revisions\/9680"}],"wp:featuredmedia":[{"embeddable":true,"href":"https:\/\/www.egemtv.com\/index.php?rest_route=\/wp\/v2\/media\/9679"}],"wp:attachment":[{"href":"https:\/\/www.egemtv.com\/index.php?rest_route=%2Fwp%2Fv2%2Fmedia&parent=9678"}],"wp:term":[{"taxonomy":"category","embeddable":true,"href":"https:\/\/www.egemtv.com\/index.php?rest_route=%2Fwp%2Fv2%2Fcategories&post=9678"},{"taxonomy":"post_tag","embeddable":true,"href":"https:\/\/www.egemtv.com\/index.php?rest_route=%2Fwp%2Fv2%2Ftags&post=9678"}],"curies":[{"name":"wp","href":"https:\/\/api.w.org\/{rel}","templated":true}]}}