{"id":9672,"date":"2025-01-16T15:19:11","date_gmt":"2025-01-16T12:19:11","guid":{"rendered":"https:\/\/www.egemtv.com\/?p=9672"},"modified":"2025-01-16T15:19:13","modified_gmt":"2025-01-16T12:19:13","slug":"jeotermal-serada-yilin-ilk-hasadi-yapildi","status":"publish","type":"post","link":"https:\/\/www.egemtv.com\/?p=9672","title":{"rendered":"Jeotermal Sera\u2019da y\u0131l\u0131n ilk hasad\u0131 yap\u0131ld\u0131"},"content":{"rendered":"<p>Manisa\u2019n\u0131n Kula il\u00e7esi \u015eehitlio\u011flu Mahallesi\u2019nde bulunan ve b\u00f6lgenin en \u00f6nemli tar\u0131msal inovasyon projelerinden biri olan 50 bin metrekarelik Jeotermal Kaynakl\u0131 Teknolojik Sera\u2019da, 2025 y\u0131l\u0131n\u0131n ilk hasad\u0131 co\u015fkulu bir t\u00f6renle ger\u00e7ekle\u015ftirildi.<br \/>\n<br \/>Kula Belediyesi\u2019nin, Gen\u00e7lik ve Spor Bakanl\u0131\u011f\u0131, Sanayi ve Teknoloji Bakanl\u0131\u011f\u0131 ve Zafer Kalk\u0131nma Ajans\u0131 i\u015f birli\u011fiyle hayata ge\u00e7irdi\u011fi Jeotermal Kaynakl\u0131 Teknolojik Sera\u2019da yeni y\u0131l\u0131n ilk hasad\u0131 yo\u011fun bir kat\u0131l\u0131mla yap\u0131ld\u0131. 2024 y\u0131l\u0131n\u0131n ekim ay\u0131nda dikilen 145 bin k\u00f6k domates fidesiyle ba\u015flayan 2. \u00fcr\u00fcn sezonunda as\u0131l hasat s\u00fcrecine ge\u00e7ilen ve jeotermal \u0131s\u0131tma ve topraks\u0131z tar\u0131m tekni\u011fiyle \u00fcretilen domatesler, Manisa B\u00fcy\u00fck\u015fehir Belediyesi Genel Sekreter Yard\u0131mc\u0131s\u0131 Ali K\u0131l\u0131\u00e7, Kaymakam \u00d6mer Ahmet \u00d6zdemir, belediye ba\u015fkanlar\u0131 ve protokol \u00fcyelerinin kat\u0131l\u0131m\u0131 ile hasat edildi. Serada, yenilik\u00e7i tar\u0131m uygulamalar\u0131yla yeti\u015ftirilen domatesler, hem yurt i\u00e7i hem de yurt d\u0131\u015f\u0131 pazarlar\u0131na sunularak Kula\u2019n\u0131n ekonomik potansiyeline de katk\u0131 sa\u011fl\u0131yor. Jeotermal enerjiyle \u0131s\u0131t\u0131lan bu serada, \u00e7evreye duyarl\u0131 tar\u0131m teknikleriyle y\u0131l boyunca \u00fcretim devam ediyor.<br \/>\n<br \/>Jeotermal kaynaklar\u0131n verimli kullan\u0131lmas\u0131yla b\u00f6lgenin tar\u0131msal \u00fcretiminin daha modern ve s\u00fcrd\u00fcr\u00fclebilir hale geldi\u011fini dile getiren Kula Kaymakam\u0131 \u00d6mer Ahmet \u00d6zdemir, hem Kula hem de b\u00f6lge i\u00e7in olduk\u00e7a \u00f6nemli olan bu projeyi ve \u00fcretimleri yak\u0131ndan takip ettiklerini s\u00f6yledi. Tar\u0131mda y\u00fcksek verimlilik ve \u00e7evre dostu yakla\u015f\u0131mlar\u0131n \u00f6n plana \u00e7\u0131kt\u0131\u011f\u0131 Jeotermal Kaynakl\u0131 Teknolojik Sera\u2019n\u0131n \u00f6zellikle topraks\u0131z tar\u0131m tekni\u011fi sayesinde daha az su ve g\u00fcbre kullan\u0131larak daha fazla \u00fcr\u00fcn elde edilebildi\u011finin alt\u0131n\u0131 \u00e7izen Kaymakam \u00d6zdemir, yeni y\u0131l\u0131n ilk ha\u015fat\u0131n\u0131n hay\u0131rl\u0131 olmas\u0131n\u0131 temenni etti.<br \/>\n<br \/>Protokol \u00fcyeleri taraf\u0131ndan y\u0131l\u0131n ilk hasad\u0131 yap\u0131lmas\u0131n\u0131n ard\u0131ndan serada \u00e7al\u0131\u015fan personeller ve protokol \u00fcyeleri pasta kesti.<br \/>\n<br \/>D\u00fczenlenen ilk hasat program\u0131na Manisa B\u00fcy\u00fck\u015fehir Belediyesi Genel Sekreter Yard\u0131mc\u0131s\u0131 Ali K\u0131l\u0131\u00e7, Kula Kaymakam\u0131 \u00d6mer Ahmet \u00d6zdemir, G\u00f6lmarmara Belediye Ba\u015fkan\u0131 Cem Aykan, K\u0131rka\u011fa\u00e7 Belediye Ba\u015fkan\u0131 \u00dcst\u00fcn D\u00f6nmez, E\u015fme Belediye Ba\u015fkan\u0131 Y\u0131lmaz Tozan, Kula Belediye Ba\u015fkan Vekili Semra G\u00fcnd\u00fcz, AK Parti Kula \u0130l\u00e7e Ba\u015fkan\u0131 Nejat G\u00fclmez, CHP Kula Kad\u0131n Kollar\u0131 Ba\u015fkan\u0131 Esen \u00c7\u0131nar, belediye meclis \u00fcyeleri ve davetliler kat\u0131ld\u0131.<br \/><\/p>\n","protected":false},"excerpt":{"rendered":"<p>Manisa\u2019n\u0131n Kula il\u00e7esi \u015eehitlio\u011flu Mahallesi\u2019nde bulunan ve b\u00f6lgenin en \u00f6nemli tar\u0131msal inovasyon projelerinden biri olan 50 bin metrekarelik Jeotermal Kaynakl\u0131 Teknolojik Sera\u2019da, 2025 y\u0131l\u0131n\u0131n ilk hasad\u0131 co\u015fkulu bir t\u00f6renle ger\u00e7ekle\u015ftirildi. Kula Belediyesi\u2019nin, Gen\u00e7lik ve Spor Bakanl\u0131\u011f\u0131, Sanayi ve Teknoloji Bakanl\u0131\u011f\u0131 ve Zafer Kalk\u0131nma Ajans\u0131 i\u015f birli\u011fiyle hayata ge\u00e7irdi\u011fi Jeotermal Kaynakl\u0131 Teknolojik Sera\u2019da yeni y\u0131l\u0131n ilk&#8230;<\/p>\n","protected":false},"author":1,"featured_media":9673,"comment_status":"open","ping_status":"open","sticky":false,"template":"","format":"standard","meta":{"_crdt_document":"","footnotes":""},"categories":[125],"tags":[],"class_list":["post-9672","post","type-post","status-publish","format-standard","has-post-thumbnail","hentry","category-ekonomi"],"_links":{"self":[{"href":"https:\/\/www.egemtv.com\/index.php?rest_route=\/wp\/v2\/posts\/9672","targetHints":{"allow":["GET"]}}],"collection":[{"href":"https:\/\/www.egemtv.com\/index.php?rest_route=\/wp\/v2\/posts"}],"about":[{"href":"https:\/\/www.egemtv.com\/index.php?rest_route=\/wp\/v2\/types\/post"}],"author":[{"embeddable":true,"href":"https:\/\/www.egemtv.com\/index.php?rest_route=\/wp\/v2\/users\/1"}],"replies":[{"embeddable":true,"href":"https:\/\/www.egemtv.com\/index.php?rest_route=%2Fwp%2Fv2%2Fcomments&post=9672"}],"version-history":[{"count":1,"href":"https:\/\/www.egemtv.com\/index.php?rest_route=\/wp\/v2\/posts\/9672\/revisions"}],"predecessor-version":[{"id":9674,"href":"https:\/\/www.egemtv.com\/index.php?rest_route=\/wp\/v2\/posts\/9672\/revisions\/9674"}],"wp:featuredmedia":[{"embeddable":true,"href":"https:\/\/www.egemtv.com\/index.php?rest_route=\/wp\/v2\/media\/9673"}],"wp:attachment":[{"href":"https:\/\/www.egemtv.com\/index.php?rest_route=%2Fwp%2Fv2%2Fmedia&parent=9672"}],"wp:term":[{"taxonomy":"category","embeddable":true,"href":"https:\/\/www.egemtv.com\/index.php?rest_route=%2Fwp%2Fv2%2Fcategories&post=9672"},{"taxonomy":"post_tag","embeddable":true,"href":"https:\/\/www.egemtv.com\/index.php?rest_route=%2Fwp%2Fv2%2Ftags&post=9672"}],"curies":[{"name":"wp","href":"https:\/\/api.w.org\/{rel}","templated":true}]}}