{"id":9663,"date":"2025-01-16T15:00:58","date_gmt":"2025-01-16T12:00:58","guid":{"rendered":"https:\/\/www.egemtv.com\/?p=9663"},"modified":"2025-01-16T15:01:00","modified_gmt":"2025-01-16T12:01:00","slug":"usak-egitim-ve-arastirma-hastanesinde-yeni-anjiyo-unitesi-hizmete-acildi","status":"publish","type":"post","link":"https:\/\/www.egemtv.com\/?p=9663","title":{"rendered":"U\u015fak E\u011fitim ve Ara\u015ft\u0131rma Hastanesi\u2019nde yeni anjiyo \u00fcnitesi hizmete a\u00e7\u0131ld\u0131"},"content":{"rendered":"<p>U\u015fak E\u011fitim ve Ara\u015ft\u0131rma Hastanesi\u2019nde yakla\u015f\u0131k 20 milyon TL de\u011ferindeki ikinci anjiyo \u00fcnitesi hizmete a\u00e7\u0131ld\u0131.<br \/>\n<br \/>U\u015fak E\u011fitim ve Ara\u015ft\u0131rma Hastanesi, Sa\u011fl\u0131k Bakanl\u0131\u011f\u0131 taraf\u0131ndan temin edilen yakla\u015f\u0131k 20 milyon TL de\u011ferindeki ikinci anjiyo \u00fcnitesinin a\u00e7\u0131l\u0131\u015f\u0131 ve ilk m\u00fcdahalenin ger\u00e7ekle\u015ftirilmesi ile birlikte t\u0131bbi hizmetlerini daha da geni\u015fletti. Yeni anjiyo \u00fcnitesinin hizmete girmesiyle birlikte, hastanede hem giri\u015fimsel anjiyo hizmetleri hem de di\u011fer anjiyo i\u015flemleri art\u0131k rahatl\u0131kla ger\u00e7ekle\u015ftirilebilecek.<\/p>\n<p>\u00d6te yandan U\u015fak E\u011fitim ve Ara\u015ft\u0131rma Hastanesi\u2019nce yap\u0131lan a\u00e7\u0131klamada; \u201cHastane b\u00fcnyesinde art\u0131k iki anjiyo \u00fcnitesi bulunmaktad\u0131r ve bu sayede hizmetlerin kalitesi daha da artacakt\u0131r. U\u015fak E\u011fitim ve Ara\u015ft\u0131rma Hastanesi, her ge\u00e7en g\u00fcn hem kadro olarak hem de t\u0131bbi cihaz a\u00e7\u0131s\u0131ndan daha fonksiyonel hale gelmektedir. Hastanemiz, daha kaliteli sa\u011fl\u0131k hizmetleri sunmay\u0131 ve U\u015fakl\u0131 vatanda\u015flar\u0131m\u0131za en iyi \u015fekilde hizmet vermeyi s\u00fcrd\u00fcrmektedir.\u201d ifadeleri kullan\u0131ld\u0131.<br \/><\/p>\n","protected":false},"excerpt":{"rendered":"<p>U\u015fak E\u011fitim ve Ara\u015ft\u0131rma Hastanesi\u2019nde yakla\u015f\u0131k 20 milyon TL de\u011ferindeki ikinci anjiyo \u00fcnitesi hizmete a\u00e7\u0131ld\u0131. U\u015fak E\u011fitim ve Ara\u015ft\u0131rma Hastanesi, Sa\u011fl\u0131k Bakanl\u0131\u011f\u0131 taraf\u0131ndan temin edilen yakla\u015f\u0131k 20 milyon TL de\u011ferindeki ikinci anjiyo \u00fcnitesinin a\u00e7\u0131l\u0131\u015f\u0131 ve ilk m\u00fcdahalenin ger\u00e7ekle\u015ftirilmesi ile birlikte t\u0131bbi hizmetlerini daha da geni\u015fletti. Yeni anjiyo \u00fcnitesinin hizmete girmesiyle birlikte, hastanede hem giri\u015fimsel anjiyo&#8230;<\/p>\n","protected":false},"author":1,"featured_media":9664,"comment_status":"open","ping_status":"open","sticky":false,"template":"","format":"standard","meta":{"_crdt_document":"","footnotes":""},"categories":[2],"tags":[],"class_list":["post-9663","post","type-post","status-publish","format-standard","has-post-thumbnail","hentry","category-saglik"],"_links":{"self":[{"href":"https:\/\/www.egemtv.com\/index.php?rest_route=\/wp\/v2\/posts\/9663","targetHints":{"allow":["GET"]}}],"collection":[{"href":"https:\/\/www.egemtv.com\/index.php?rest_route=\/wp\/v2\/posts"}],"about":[{"href":"https:\/\/www.egemtv.com\/index.php?rest_route=\/wp\/v2\/types\/post"}],"author":[{"embeddable":true,"href":"https:\/\/www.egemtv.com\/index.php?rest_route=\/wp\/v2\/users\/1"}],"replies":[{"embeddable":true,"href":"https:\/\/www.egemtv.com\/index.php?rest_route=%2Fwp%2Fv2%2Fcomments&post=9663"}],"version-history":[{"count":1,"href":"https:\/\/www.egemtv.com\/index.php?rest_route=\/wp\/v2\/posts\/9663\/revisions"}],"predecessor-version":[{"id":9665,"href":"https:\/\/www.egemtv.com\/index.php?rest_route=\/wp\/v2\/posts\/9663\/revisions\/9665"}],"wp:featuredmedia":[{"embeddable":true,"href":"https:\/\/www.egemtv.com\/index.php?rest_route=\/wp\/v2\/media\/9664"}],"wp:attachment":[{"href":"https:\/\/www.egemtv.com\/index.php?rest_route=%2Fwp%2Fv2%2Fmedia&parent=9663"}],"wp:term":[{"taxonomy":"category","embeddable":true,"href":"https:\/\/www.egemtv.com\/index.php?rest_route=%2Fwp%2Fv2%2Fcategories&post=9663"},{"taxonomy":"post_tag","embeddable":true,"href":"https:\/\/www.egemtv.com\/index.php?rest_route=%2Fwp%2Fv2%2Ftags&post=9663"}],"curies":[{"name":"wp","href":"https:\/\/api.w.org\/{rel}","templated":true}]}}