{"id":9654,"date":"2025-01-16T14:47:19","date_gmt":"2025-01-16T11:47:19","guid":{"rendered":"https:\/\/www.egemtv.com\/?p=9654"},"modified":"2025-01-16T14:47:22","modified_gmt":"2025-01-16T11:47:22","slug":"karsiyaka-basketbol-transfer-yasagina-takildi","status":"publish","type":"post","link":"https:\/\/www.egemtv.com\/?p=9654","title":{"rendered":"Kar\u015f\u0131yaka Basketbol, transfer yasa\u011f\u0131na tak\u0131ld\u0131"},"content":{"rendered":"<p>Kar\u015f\u0131yaka Basketbol, Uluslararas\u0131 Basketbol Federasyonu (FIBA) taraf\u0131ndan kendilerine transfer yasa\u011f\u0131 karar\u0131 verildi\u011fini duyurdu.<br \/>\n<br \/>Basketbol S\u00fcper Ligi ekiplerinden Kar\u015f\u0131yaka, ekonomik sorunlardan dolay\u0131 zorlu g\u00fcnler ya\u015famaya devam ediyor. Ge\u00e7ti\u011fimiz haftalarda \u00f6deme yapamad\u0131\u011f\u0131 i\u00e7in Jefferson, Errick McCollum, James Webb, Jerry Boutsiele ve Kenan Sipahi gibi \u00f6nemli basketbolculara veda etmek zorunda kalan ye\u015fil-k\u0131rm\u0131z\u0131l\u0131larda son olarak da Ba\u015f antren\u00f6r Ufuk Sar\u0131ca g\u00f6revinden ayr\u0131lm\u0131\u015ft\u0131. Kadroda rotasyon olu\u015fturmakta zorlanan \u0130zmir ekibi, yeni bir yap\u0131lanma i\u00e7in harekete ge\u00e7ti. Bu s\u00fcre\u00e7te kadrosuna yeni oyuncular katmaya haz\u0131rlanan Kar\u015f\u0131yaka, FIBA\u2019dan transfer yasa\u011f\u0131n\u0131n gelmesiyle bu oyuncular\u0131 beklemeye ald\u0131\u011f\u0131n\u0131 duyurdu.<br \/>\n<br \/>Konuyla ilgili ye\u015fil-k\u0131rm\u0131z\u0131l\u0131 kul\u00fcb\u00fcn resmi internet sitesinden yap\u0131lan a\u00e7\u0131klamada \u015fu ifadelere yer verildi:<br \/>\n<br \/>\u201cYeniden yap\u0131lanma s\u00fcrecinde transfer \u00e7al\u0131\u015fmalar\u0131na h\u0131z verilmi\u015f ve bir yerli ile iki ABD\u2019li oyuncunun transferi imza a\u015famas\u0131na getirilmi\u015f olmas\u0131na ra\u011fmen, FIBA\u2019dan gelen son dakika transfer yasa\u011f\u0131 karar\u0131 nedeniyle bu planlar beklemeye al\u0131nm\u0131\u015ft\u0131r.<br \/>\n<br \/>Bu yasa\u011f\u0131n, 2022-2023 sezonunda forma giyen oyuncumuz Mindaugas Kuzminskas\u2019\u0131n \u00f6denmeyen maa\u015f ve menajerlik \u00dccretlerinden kaynakland\u0131\u011f\u0131 taraf\u0131m\u0131za iletilmi\u015ftir. Bununla birlikte, 2022-23 ve 2023-24 sezonlar\u0131n\u0131 kapsayan ge\u00e7mi\u015f d\u00f6nem mali y\u00fck\u00fcml\u00fcl\u00fckleriyle ilgili bir\u00e7ok dosya, FIBA nezdinde i\u015flem g\u00f6rmeye devam etmektedir.<br \/>\n<br \/>Bu s\u00fcre\u00e7le ilgili detaylar, \u00f6n\u00fcm\u00fczdeki g\u00fcnlerde basketbol \u015fube yetkililerimiz taraf\u0131ndan d\u00fczenlenecek bir bas\u0131n toplant\u0131s\u0131yla camiam\u0131zla \u015feffaf bir \u015fekilde payla\u015f\u0131lacakt\u0131r. Taraftarlar\u0131m\u0131zdan, bu zorlu s\u00fcre\u00e7te g\u00f6sterecekleri anlay\u0131\u015f ve destek i\u00e7in te\u015fekk\u00fcr ederiz. Kar\u015f\u0131yaka\u2019m\u0131z\u0131 hak etti\u011fi g\u00fc\u00e7l\u00fc yap\u0131ya kavu\u015fturmak i\u00e7in \u00e7al\u0131\u015fmalar\u0131m\u0131za aral\u0131ks\u0131z devam ediyoruz.\u201d<br \/><\/p>\n","protected":false},"excerpt":{"rendered":"<p>Kar\u015f\u0131yaka Basketbol, Uluslararas\u0131 Basketbol Federasyonu (FIBA) taraf\u0131ndan kendilerine transfer yasa\u011f\u0131 karar\u0131 verildi\u011fini duyurdu. Basketbol S\u00fcper Ligi ekiplerinden Kar\u015f\u0131yaka, ekonomik sorunlardan dolay\u0131 zorlu g\u00fcnler ya\u015famaya devam ediyor. Ge\u00e7ti\u011fimiz haftalarda \u00f6deme yapamad\u0131\u011f\u0131 i\u00e7in Jefferson, Errick McCollum, James Webb, Jerry Boutsiele ve Kenan Sipahi gibi \u00f6nemli basketbolculara veda etmek zorunda kalan ye\u015fil-k\u0131rm\u0131z\u0131l\u0131larda son olarak da Ba\u015f antren\u00f6r Ufuk&#8230;<\/p>\n","protected":false},"author":1,"featured_media":9655,"comment_status":"open","ping_status":"open","sticky":false,"template":"","format":"standard","meta":{"_crdt_document":"","footnotes":""},"categories":[4],"tags":[],"class_list":["post-9654","post","type-post","status-publish","format-standard","has-post-thumbnail","hentry","category-spor"],"_links":{"self":[{"href":"https:\/\/www.egemtv.com\/index.php?rest_route=\/wp\/v2\/posts\/9654","targetHints":{"allow":["GET"]}}],"collection":[{"href":"https:\/\/www.egemtv.com\/index.php?rest_route=\/wp\/v2\/posts"}],"about":[{"href":"https:\/\/www.egemtv.com\/index.php?rest_route=\/wp\/v2\/types\/post"}],"author":[{"embeddable":true,"href":"https:\/\/www.egemtv.com\/index.php?rest_route=\/wp\/v2\/users\/1"}],"replies":[{"embeddable":true,"href":"https:\/\/www.egemtv.com\/index.php?rest_route=%2Fwp%2Fv2%2Fcomments&post=9654"}],"version-history":[{"count":1,"href":"https:\/\/www.egemtv.com\/index.php?rest_route=\/wp\/v2\/posts\/9654\/revisions"}],"predecessor-version":[{"id":9656,"href":"https:\/\/www.egemtv.com\/index.php?rest_route=\/wp\/v2\/posts\/9654\/revisions\/9656"}],"wp:featuredmedia":[{"embeddable":true,"href":"https:\/\/www.egemtv.com\/index.php?rest_route=\/wp\/v2\/media\/9655"}],"wp:attachment":[{"href":"https:\/\/www.egemtv.com\/index.php?rest_route=%2Fwp%2Fv2%2Fmedia&parent=9654"}],"wp:term":[{"taxonomy":"category","embeddable":true,"href":"https:\/\/www.egemtv.com\/index.php?rest_route=%2Fwp%2Fv2%2Fcategories&post=9654"},{"taxonomy":"post_tag","embeddable":true,"href":"https:\/\/www.egemtv.com\/index.php?rest_route=%2Fwp%2Fv2%2Ftags&post=9654"}],"curies":[{"name":"wp","href":"https:\/\/api.w.org\/{rel}","templated":true}]}}