{"id":9645,"date":"2025-01-16T14:43:06","date_gmt":"2025-01-16T11:43:06","guid":{"rendered":"https:\/\/www.egemtv.com\/?p=9645"},"modified":"2025-01-16T14:43:08","modified_gmt":"2025-01-16T11:43:08","slug":"nazillide-temizlik-seferberligi-suruyor","status":"publish","type":"post","link":"https:\/\/www.egemtv.com\/?p=9645","title":{"rendered":"Nazilli\u2019de temizlik seferberli\u011fi s\u00fcr\u00fcyor"},"content":{"rendered":"<p>Nazilli Belediyesi Temizlik \u0130\u015fleri M\u00fcd\u00fcrl\u00fc\u011f\u00fc ekipleri il\u00e7e genelinde ba\u015flatt\u0131\u011f\u0131 temizlik seferberli\u011fi kapsam\u0131nda Dumlup\u0131nar, \u0130stiklal ve P\u0131narba\u015f\u0131 Mahallelerinde kapsaml\u0131 \u00e7al\u0131\u015fma ger\u00e7ekle\u015ftirdi.<\/p>\n<p>Nazilli Belediyesi taraf\u0131ndan il\u00e7enin daha temiz g\u00f6r\u00fcnmesi, vatanda\u015flara \u00e7evre bilincinin a\u015f\u0131lanmas\u0131 ve mahallelerdeki hijyen standartlar\u0131n\u0131n y\u00fckseltilmesi i\u00e7in ba\u015flat\u0131lan seferberlik \u00e7al\u0131\u015fmalar\u0131 devam ediyor. Yeni y\u0131l\u0131n gelmesi i\u00e7in faaliyetlere h\u0131z veren ekipler, haz\u0131rlanan program \u00e7er\u00e7evesinde il\u00e7enin d\u00f6rt bir yan\u0131nda duyars\u0131zca yola at\u0131lan \u00e7\u00f6pleri s\u00fcp\u00fcrerek sokaklar\u0131 p\u0131r\u0131l p\u0131r\u0131l bir g\u00f6r\u00fcn\u00fcme kavu\u015fturuyor. Kald\u0131r\u0131m kenarlar\u0131nda ve bo\u015f arazilerde bulunan yabani otlar ise Park ve Bah\u00e7eler M\u00fcd\u00fcrl\u00fc\u011f\u00fc ekipleri taraf\u0131ndan kesilerek g\u00f6rsel kirlili\u011fin \u00f6n\u00fcne ge\u00e7iliyor. Belediye yetkililerince yap\u0131lan t\u00fcm uyar\u0131lara ra\u011fmen bilin\u00e7sizce moloz b\u0131rak\u0131lan alanlar ise ar\u0131nd\u0131r\u0131larak temiz bir hale getiriliyor.<\/p>\n<p>Nazilli\u2019nin daha temiz bir g\u00f6r\u00fcn\u00fcme kavu\u015fmas\u0131 i\u00e7in t\u00fcm ekiplerle birlikte canla ba\u015fla m\u00fccadele ettiklerinin alt\u0131n\u0131 \u00e7izen Belediye Ba\u015fkan\u0131 Dr. Ertu\u011frul Tetik, \u201cG\u00f6reve ilk geldi\u011fimiz g\u00fcnden bu yana \u015fehrimizin en b\u00fcy\u00fck sorunlar\u0131ndan biri olan temizli\u011fe ciddi bir mesai harc\u0131yoruz. Burada g\u00f6rev yapan personellerimiz insan\u00fcst\u00fc bir gayretle g\u00f6revlerini yerine getiriyor. Halk\u0131m\u0131zdan ricam\u0131z bizlere bu seferberlik s\u00fcrecinde destek vermeleri ve memleketimiz i\u00e7in, d\u00fcnyam\u0131z i\u00e7in, gelece\u011fimiz i\u00e7in daha duyarl\u0131 hareket etmeleri. Geli\u015fig\u00fczel sokaklara at\u0131lan her \u00e7\u00f6p, konteyner kenarlar\u0131na izinsiz b\u0131rak\u0131lan moloz y\u0131\u011f\u0131nlar\u0131, bo\u015f arazilere at\u0131lan hafriyatlar ne yaz\u0131k ki bu seferberlik faaliyetlerine ket vuruyor. Nazillimiz bunu hak etmiyor. Gelin \u015fehrimiz i\u00e7in birlikte \u00e7al\u0131\u015fal\u0131m\u201d s\u00f6zlerini kaydetti.<br \/><\/p>\n","protected":false},"excerpt":{"rendered":"<p>Nazilli Belediyesi Temizlik \u0130\u015fleri M\u00fcd\u00fcrl\u00fc\u011f\u00fc ekipleri il\u00e7e genelinde ba\u015flatt\u0131\u011f\u0131 temizlik seferberli\u011fi kapsam\u0131nda Dumlup\u0131nar, \u0130stiklal ve P\u0131narba\u015f\u0131 Mahallelerinde kapsaml\u0131 \u00e7al\u0131\u015fma ger\u00e7ekle\u015ftirdi. Nazilli Belediyesi taraf\u0131ndan il\u00e7enin daha temiz g\u00f6r\u00fcnmesi, vatanda\u015flara \u00e7evre bilincinin a\u015f\u0131lanmas\u0131 ve mahallelerdeki hijyen standartlar\u0131n\u0131n y\u00fckseltilmesi i\u00e7in ba\u015flat\u0131lan seferberlik \u00e7al\u0131\u015fmalar\u0131 devam ediyor. Yeni y\u0131l\u0131n gelmesi i\u00e7in faaliyetlere h\u0131z veren ekipler, haz\u0131rlanan program \u00e7er\u00e7evesinde il\u00e7enin d\u00f6rt&#8230;<\/p>\n","protected":false},"author":1,"featured_media":9646,"comment_status":"open","ping_status":"open","sticky":false,"template":"","format":"standard","meta":{"_crdt_document":"","footnotes":""},"categories":[1],"tags":[],"class_list":["post-9645","post","type-post","status-publish","format-standard","has-post-thumbnail","hentry","category-guncel"],"_links":{"self":[{"href":"https:\/\/www.egemtv.com\/index.php?rest_route=\/wp\/v2\/posts\/9645","targetHints":{"allow":["GET"]}}],"collection":[{"href":"https:\/\/www.egemtv.com\/index.php?rest_route=\/wp\/v2\/posts"}],"about":[{"href":"https:\/\/www.egemtv.com\/index.php?rest_route=\/wp\/v2\/types\/post"}],"author":[{"embeddable":true,"href":"https:\/\/www.egemtv.com\/index.php?rest_route=\/wp\/v2\/users\/1"}],"replies":[{"embeddable":true,"href":"https:\/\/www.egemtv.com\/index.php?rest_route=%2Fwp%2Fv2%2Fcomments&post=9645"}],"version-history":[{"count":1,"href":"https:\/\/www.egemtv.com\/index.php?rest_route=\/wp\/v2\/posts\/9645\/revisions"}],"predecessor-version":[{"id":9647,"href":"https:\/\/www.egemtv.com\/index.php?rest_route=\/wp\/v2\/posts\/9645\/revisions\/9647"}],"wp:featuredmedia":[{"embeddable":true,"href":"https:\/\/www.egemtv.com\/index.php?rest_route=\/wp\/v2\/media\/9646"}],"wp:attachment":[{"href":"https:\/\/www.egemtv.com\/index.php?rest_route=%2Fwp%2Fv2%2Fmedia&parent=9645"}],"wp:term":[{"taxonomy":"category","embeddable":true,"href":"https:\/\/www.egemtv.com\/index.php?rest_route=%2Fwp%2Fv2%2Fcategories&post=9645"},{"taxonomy":"post_tag","embeddable":true,"href":"https:\/\/www.egemtv.com\/index.php?rest_route=%2Fwp%2Fv2%2Ftags&post=9645"}],"curies":[{"name":"wp","href":"https:\/\/api.w.org\/{rel}","templated":true}]}}